{"id":258888,"date":"2022-10-23T16:29:30","date_gmt":"2022-10-23T13:29:30","guid":{"rendered":"http:\/\/107.6.182.27\/es\/?p=258888"},"modified":"2022-10-23T22:52:24","modified_gmt":"2022-10-23T19:52:24","slug":"siria-saluda-declaracion-de-argelia-sobre-unificacion-palestina","status":"publish","type":"post","link":"https:\/\/archive.sana.sy\/es\/?p=258888","title":{"rendered":"Siria saluda Declaraci\u00f3n de Argelia sobre unificaci\u00f3n palestina"},"content":{"rendered":"<p style=\"text-align: justify;\"><strong>\u201cSiria cree que la Reuni\u00f3n de Argel favorece la unidad de la fila palestina y consolida la fuerza del pueblo palestino y su resistencia al ocupante israel\u00ed\u201d<\/strong><\/p>\n<p style=\"text-align: justify;\"><span style=\"color: #800000;\"><strong>Damasco, 23 oct (SANA)<\/strong><\/span>\u00a0 \u00a0 El Ministerio de Asuntos Exteriores y Expatriados declar\u00f3 hoy que Siria acoge con satisfacci\u00f3n el contenido de la Declaraci\u00f3n de Argelia emanada de la Conferencia de Unificaci\u00f3n encaminada a lograr la unidad nacional palestina\u201d.<\/p>\n<p style=\"text-align: justify;\">\u201cSiria cree que la Reuni\u00f3n de Argel favorece la unidad de la fila palestina y consolida la fuerza del pueblo palestino y su resistencia al ocupante israel\u00ed\u201d, asegur\u00f3 una declaraci\u00f3n de la Canciller\u00eda emitida hoy.<\/p>\n<p style=\"text-align: justify;\">Agreg\u00f3 que lo anterior contribuye tambi\u00e9n al establecimiento de un estado palestino independiente en el territorio de Palestina con Jerusal\u00e9n de capital.<\/p>\n<p style=\"text-align: justify;\">\u201cSiria expresa su reconocimiento y apoyo a la iniciativa del presidente argelino Abdelmadjid Tebboune, que fue la base de esta declaraci\u00f3n y sus resultados positivos en la arena palestina\u201d, concluy\u00f3 el Ministerio su comunicado.<\/p>\n<p style=\"text-align: justify;\">fm\/ed<\/p>\n","protected":false},"excerpt":{"rendered":"<p>\u201cSiria cree que la Reuni\u00f3n de Argel favorece la unidad de la fila palestina y consolida la fuerza del pueblo palestino y su resistencia al ocupante israel\u00ed\u201d Damasco, 23 oct (SANA)\u00a0 \u00a0 El Ministerio de Asuntos Exteriores y Expatriados declar\u00f3 hoy que Siria acoge con satisfacci\u00f3n el contenido de la Declaraci\u00f3n de Argelia emanada de &hellip;<\/p>\n","protected":false},"author":32,"featured_media":258889,"comment_status":"closed","ping_status":"closed","sticky":false,"template":"","format":"standard","meta":{"footnotes":""},"categories":[477,597,476,583],"tags":[6867,11687,21335,1494,6553],"class_list":["post-258888","post","type-post","status-publish","format-standard","has-post-thumbnail","","category-noticias-edulcorantes","category-cinta-de-noticias","category-locales","category-slide","tag-argelia","tag-cancilleria","tag-declaracion","tag-palestina","tag-siria"],"_links":{"self":[{"href":"https:\/\/archive.sana.sy\/es\/index.php?rest_route=\/wp\/v2\/posts\/258888"}],"collection":[{"href":"https:\/\/archive.sana.sy\/es\/index.php?rest_route=\/wp\/v2\/posts"}],"about":[{"href":"https:\/\/archive.sana.sy\/es\/index.php?rest_route=\/wp\/v2\/types\/post"}],"author":[{"embeddable":true,"href":"https:\/\/archive.sana.sy\/es\/index.php?rest_route=\/wp\/v2\/users\/32"}],"replies":[{"embeddable":true,"href":"https:\/\/archive.sana.sy\/es\/index.php?rest_route=%2Fwp%2Fv2%2Fcomments&post=258888"}],"version-history":[{"count":0,"href":"https:\/\/archive.sana.sy\/es\/index.php?rest_route=\/wp\/v2\/posts\/258888\/revisions"}],"wp:featuredmedia":[{"embeddable":true,"href":"https:\/\/archive.sana.sy\/es\/index.php?rest_route=\/wp\/v2\/media\/258889"}],"wp:attachment":[{"href":"https:\/\/archive.sana.sy\/es\/index.php?rest_route=%2Fwp%2Fv2%2Fmedia&parent=258888"}],"wp:term":[{"taxonomy":"category","embeddable":true,"href":"https:\/\/archive.sana.sy\/es\/index.php?rest_route=%2Fwp%2Fv2%2Fcategories&post=258888"},{"taxonomy":"post_tag","embeddable":true,"href":"https:\/\/archive.sana.sy\/es\/index.php?rest_route=%2Fwp%2Fv2%2Ftags&post=258888"}],"curies":[{"name":"wp","href":"https:\/\/api.w.org\/{rel}","templated":true}]}}