{"id":258896,"date":"2022-10-23T19:36:52","date_gmt":"2022-10-23T16:36:52","guid":{"rendered":"http:\/\/107.6.182.27\/es\/?p=258896"},"modified":"2023-01-10T15:51:23","modified_gmt":"2023-01-10T13:51:23","slug":"eeuu-en-la-direccion-equivocada","status":"publish","type":"post","link":"https:\/\/archive.sana.sy\/es\/?p=258896","title":{"rendered":"EEUU, \u00bfen la direcci\u00f3n equivocada?"},"content":{"rendered":"<p style=\"text-align: justify;\"><span style=\"color: #800000;\"><strong>Washington, 23 oct (SANA)\u00a0<\/strong> <\/span>El 71 por ciento de los encuestados por la compa\u00f1\u00eda Morning Consult considera hoy que Estados Unidos va en la direcci\u00f3n equivocada, cuando restan dos semanas para las elecciones intermedias del 8 de noviembre, inform\u00f3 hoy la agencia Prensa Latina.<\/p>\n<p style=\"text-align: justify;\">En un sondeo, solo el 29 por ciento estima que la naci\u00f3n va por el camino correcto, en una tendencia que va en picada en este mes.<\/p>\n<p style=\"text-align: justify;\">Seg\u00fan otra pesquisa de la compa\u00f1\u00eda, aproximadamente tres de cada cinco votantes dijeron creer que la inflaci\u00f3n est\u00e1 empeorando, lo cual incluye el 78 por ciento de los conservadores, el 63 por ciento de los independientes y el 41 por ciento de las filas identificadas con el color azul.<\/p>\n<p style=\"text-align: justify;\">fm\/rr<\/p>\n","protected":false},"excerpt":{"rendered":"<p>Washington, 23 oct (SANA)\u00a0 El 71 por ciento de los encuestados por la compa\u00f1\u00eda Morning Consult considera hoy que Estados Unidos va en la direcci\u00f3n equivocada, cuando restan dos semanas para las elecciones intermedias del 8 de noviembre, inform\u00f3 hoy la agencia Prensa Latina. En un sondeo, solo el 29 por ciento estima que la &hellip;<\/p>\n","protected":false},"author":31,"featured_media":258899,"comment_status":"closed","ping_status":"closed","sticky":false,"template":"","format":"standard","meta":{"footnotes":""},"categories":[456,20724],"tags":[17392,7132,19641],"class_list":["post-258896","post","type-post","status-publish","format-standard","has-post-thumbnail","","category-arabe-internacional-politica","category-minuto-a-minuto","tag-encuesta","tag-eeuu","tag-washington"],"_links":{"self":[{"href":"https:\/\/archive.sana.sy\/es\/index.php?rest_route=\/wp\/v2\/posts\/258896"}],"collection":[{"href":"https:\/\/archive.sana.sy\/es\/index.php?rest_route=\/wp\/v2\/posts"}],"about":[{"href":"https:\/\/archive.sana.sy\/es\/index.php?rest_route=\/wp\/v2\/types\/post"}],"author":[{"embeddable":true,"href":"https:\/\/archive.sana.sy\/es\/index.php?rest_route=\/wp\/v2\/users\/31"}],"replies":[{"embeddable":true,"href":"https:\/\/archive.sana.sy\/es\/index.php?rest_route=%2Fwp%2Fv2%2Fcomments&post=258896"}],"version-history":[{"count":0,"href":"https:\/\/archive.sana.sy\/es\/index.php?rest_route=\/wp\/v2\/posts\/258896\/revisions"}],"wp:featuredmedia":[{"embeddable":true,"href":"https:\/\/archive.sana.sy\/es\/index.php?rest_route=\/wp\/v2\/media\/258899"}],"wp:attachment":[{"href":"https:\/\/archive.sana.sy\/es\/index.php?rest_route=%2Fwp%2Fv2%2Fmedia&parent=258896"}],"wp:term":[{"taxonomy":"category","embeddable":true,"href":"https:\/\/archive.sana.sy\/es\/index.php?rest_route=%2Fwp%2Fv2%2Fcategories&post=258896"},{"taxonomy":"post_tag","embeddable":true,"href":"https:\/\/archive.sana.sy\/es\/index.php?rest_route=%2Fwp%2Fv2%2Ftags&post=258896"}],"curies":[{"name":"wp","href":"https:\/\/api.w.org\/{rel}","templated":true}]}}