{"id":25891,"date":"2015-07-01T14:59:18","date_gmt":"2015-07-01T11:59:18","guid":{"rendered":"http:\/\/sana.sy\/es\/?p=25891"},"modified":"2015-07-01T14:59:18","modified_gmt":"2015-07-01T11:59:18","slug":"policia-italiana-arresta-a-10-personas-que-planificaban-unirse-al-ei-en-siria","status":"publish","type":"post","link":"https:\/\/archive.sana.sy\/es\/?p=25891","title":{"rendered":"Polic\u00eda italiana arresta a 10 personas que planificaban unirse al EI en Siria"},"content":{"rendered":"<p><span style=\"color: #800000\">Roma, SANA<\/span><\/p>\n<p>La polic\u00eda antiterrorista en Italia anunci\u00f3 el arresto de diez personas que se preparaban para dirigirse a Siria para unirse a la organizaci\u00f3n terrorista del Estado Isl\u00e1mico (EI).<\/p>\n<p>Funcionarios de la polic\u00eda de Milan City informaron a la radio &#8220;RAE&#8221; que las 10 personas fueron detenidas en las ciudades de Mil\u00e1n, B\u00e9rgamo y Grosseto, y en una ciudad albanesa que no se revel\u00f3 su nombre.<\/p>\n<p>Italia revel\u00f3 hab\u00eda revelado recientemente que decenas de sus ciudadanos se han unido a la organizaci\u00f3n del EI en Siria y el norte de Irak, y declar\u00f3 que sigue de cerca la posibilidad de reclutar terroristas sobre su territorio, as\u00ed como expuls\u00f3 a muchos de los &#8220;extremistas&#8221; del pa\u00eds el a\u00f1o pasado.<\/p>\n<p>Fady M., Lynn A.<\/p>\n","protected":false},"excerpt":{"rendered":"<p>Roma, SANA La polic\u00eda antiterrorista en Italia anunci\u00f3 el arresto de diez personas que se preparaban para dirigirse a Siria para unirse a la organizaci\u00f3n terrorista del Estado Isl\u00e1mico (EI). Funcionarios de la polic\u00eda de Milan City informaron a la radio &#8220;RAE&#8221; que las 10 personas fueron detenidas en las ciudades de Mil\u00e1n, B\u00e9rgamo y &hellip;<\/p>\n","protected":false},"author":1,"featured_media":0,"comment_status":"closed","ping_status":"closed","sticky":false,"template":"","format":"standard","meta":{"footnotes":""},"categories":[456,457],"tags":[5806],"class_list":["post-25891","post","type-post","status-publish","format-standard","","category-arabe-internacional-politica","category-noticias-arabe-internacional-politica","tag-policia-italiana-arresta-a-10-personas-que-planificaban-unirse-al-ei-en-siria"],"_links":{"self":[{"href":"https:\/\/archive.sana.sy\/es\/index.php?rest_route=\/wp\/v2\/posts\/25891"}],"collection":[{"href":"https:\/\/archive.sana.sy\/es\/index.php?rest_route=\/wp\/v2\/posts"}],"about":[{"href":"https:\/\/archive.sana.sy\/es\/index.php?rest_route=\/wp\/v2\/types\/post"}],"author":[{"embeddable":true,"href":"https:\/\/archive.sana.sy\/es\/index.php?rest_route=\/wp\/v2\/users\/1"}],"replies":[{"embeddable":true,"href":"https:\/\/archive.sana.sy\/es\/index.php?rest_route=%2Fwp%2Fv2%2Fcomments&post=25891"}],"version-history":[{"count":0,"href":"https:\/\/archive.sana.sy\/es\/index.php?rest_route=\/wp\/v2\/posts\/25891\/revisions"}],"wp:attachment":[{"href":"https:\/\/archive.sana.sy\/es\/index.php?rest_route=%2Fwp%2Fv2%2Fmedia&parent=25891"}],"wp:term":[{"taxonomy":"category","embeddable":true,"href":"https:\/\/archive.sana.sy\/es\/index.php?rest_route=%2Fwp%2Fv2%2Fcategories&post=25891"},{"taxonomy":"post_tag","embeddable":true,"href":"https:\/\/archive.sana.sy\/es\/index.php?rest_route=%2Fwp%2Fv2%2Ftags&post=25891"}],"curies":[{"name":"wp","href":"https:\/\/api.w.org\/{rel}","templated":true}]}}