{"id":25899,"date":"2015-07-01T15:46:06","date_gmt":"2015-07-01T12:46:06","guid":{"rendered":"http:\/\/sana.sy\/es\/?p=25899"},"modified":"2015-07-01T15:46:06","modified_gmt":"2015-07-01T12:46:06","slug":"eeuu-descarta-creacion-de-una-zona-segura-en-siria","status":"publish","type":"post","link":"https:\/\/archive.sana.sy\/es\/?p=25899","title":{"rendered":"EEUU descarta creaci\u00f3n de una \u201czona segura\u201d en Siria"},"content":{"rendered":"<p><span style=\"color: #800000\">Washington, SANA<\/span><\/p>\n<p>El vocero de la diplomacia de EEUU, John Kirby descart\u00f3 la creaci\u00f3n de una \u201czona segura\u201d en Siria, lo que exige el r\u00e9gimen turco desde hace tiempo.<\/p>\n<p>Durante una rueda de prensa concisa sostenida anoche, Kirby se\u00f1al\u00f3 que el Pent\u00e1gono y el Ej\u00e9rcito de EEUU no ven necesidad de imponer tal zona debido a las sumas dificultades de su ejecuci\u00f3n, enfatizando que la llamada \u201cCoalici\u00f3n Internacional\u201d- creada para luchar contra la organizaci\u00f3n terrorista del Estado Isl\u00e1mico- no apoya esta idea.<\/p>\n<p>El portavoz de la diplomacia estadounidense neg\u00f3 su conocimiento de cualquier plan turco preparado en este sentido.<\/p>\n<p>Por otro lado, el diario turco \u201cZaman\u201d revel\u00f3 que la trinchera que est\u00e1n abriendo los soldados turcos en la frontera con Siria, precisamente entre la localidad de Nasebin ubicada al sur de Turqu\u00eda y la ciudad de Qamishli ha llegado en una semana a 500 metros de largo, 2 metros de ancho y 3 metros de profundidad.<\/p>\n<p>Asimismo a\u00f1adi\u00f3 que el Ej\u00e9rcito turco ha tomado medidas de seguridad en dicha \u00e1rea, donde despleg\u00f3 radares y tanques cerca de las comisar\u00edas de polic\u00edas fronterizas.<\/p>\n<p>&nbsp;<\/p>\n<p>Lynn A.<\/p>\n","protected":false},"excerpt":{"rendered":"<p>Washington, SANA El vocero de la diplomacia de EEUU, John Kirby descart\u00f3 la creaci\u00f3n de una \u201czona segura\u201d en Siria, lo que exige el r\u00e9gimen turco desde hace tiempo. Durante una rueda de prensa concisa sostenida anoche, Kirby se\u00f1al\u00f3 que el Pent\u00e1gono y el Ej\u00e9rcito de EEUU no ven necesidad de imponer tal zona debido &hellip;<\/p>\n","protected":false},"author":24,"featured_media":25900,"comment_status":"closed","ping_status":"closed","sticky":false,"template":"","format":"standard","meta":{"footnotes":""},"categories":[597,456,457,576],"tags":[5807],"class_list":["post-25899","post","type-post","status-publish","format-standard","has-post-thumbnail","","category-cinta-de-noticias","category-arabe-internacional-politica","category-noticias-arabe-internacional-politica","category-noticias-politicas","tag-eeuu-descarta-creacion-de-una-zona-segura-en-siria"],"_links":{"self":[{"href":"https:\/\/archive.sana.sy\/es\/index.php?rest_route=\/wp\/v2\/posts\/25899"}],"collection":[{"href":"https:\/\/archive.sana.sy\/es\/index.php?rest_route=\/wp\/v2\/posts"}],"about":[{"href":"https:\/\/archive.sana.sy\/es\/index.php?rest_route=\/wp\/v2\/types\/post"}],"author":[{"embeddable":true,"href":"https:\/\/archive.sana.sy\/es\/index.php?rest_route=\/wp\/v2\/users\/24"}],"replies":[{"embeddable":true,"href":"https:\/\/archive.sana.sy\/es\/index.php?rest_route=%2Fwp%2Fv2%2Fcomments&post=25899"}],"version-history":[{"count":0,"href":"https:\/\/archive.sana.sy\/es\/index.php?rest_route=\/wp\/v2\/posts\/25899\/revisions"}],"wp:featuredmedia":[{"embeddable":true,"href":"https:\/\/archive.sana.sy\/es\/index.php?rest_route=\/wp\/v2\/media\/25900"}],"wp:attachment":[{"href":"https:\/\/archive.sana.sy\/es\/index.php?rest_route=%2Fwp%2Fv2%2Fmedia&parent=25899"}],"wp:term":[{"taxonomy":"category","embeddable":true,"href":"https:\/\/archive.sana.sy\/es\/index.php?rest_route=%2Fwp%2Fv2%2Fcategories&post=25899"},{"taxonomy":"post_tag","embeddable":true,"href":"https:\/\/archive.sana.sy\/es\/index.php?rest_route=%2Fwp%2Fv2%2Ftags&post=25899"}],"curies":[{"name":"wp","href":"https:\/\/api.w.org\/{rel}","templated":true}]}}