{"id":259159,"date":"2022-10-25T14:52:14","date_gmt":"2022-10-25T11:52:14","guid":{"rendered":"http:\/\/107.6.182.27\/es\/?p=259159"},"modified":"2023-01-10T15:51:17","modified_gmt":"2023-01-10T13:51:17","slug":"raisi-dice-que-ee-uu-recurre-al-terrorismo-mediatico-como-parte-de-sus-medidas-futiles","status":"publish","type":"post","link":"https:\/\/archive.sana.sy\/es\/?p=259159","title":{"rendered":"Raisi dice que EE.UU. recurre al terrorismo medi\u00e1tico como parte de sus medidas f\u00fatiles"},"content":{"rendered":"<p style=\"text-align: justify;\"><span style=\"color: #800000;\"><strong>Teher\u00e1n, 25 oct (SANA)<\/strong><\/span>\u00a0 El presidente de Ir\u00e1n, Ebrahim Raisi, declar\u00f3 que Estados Unidos recurri\u00f3 a la pol\u00edtica del terrorismo medi\u00e1tico al no lograr sus objetivo ambiciosos a trav\u00e9s de las sanciones que impuso a Ir\u00e1n y a otros pa\u00edses.<\/p>\n<p style=\"text-align: justify;\">Washington cometi\u00f3 un gran error al organizar disturbios en nuestro pa\u00eds donde las plazas se convierten en un escenario de disturbios por la muerte de la joven Mahsa Amini por un paro card\u00edaco, agreg\u00f3 Raisi citado por Sputnik.<\/p>\n<p style=\"text-align: justify;\">Seg\u00fan las autoridades iran\u00edes, los disturbios fueron orquestados desde el extranjero para desestabilizar la situaci\u00f3n en Ir\u00e1n por eso el gobierno iran\u00ed convoc\u00f3 a los embajadores de Gran Breta\u00f1a y Noruega, as\u00ed como al encargado de negocios de Francia, para entregarles una nota de protesta por las informaciones antiiran\u00edes que propagaban los medios de estos pa\u00edses.<\/p>\n<p style=\"text-align: justify;\"><strong>ws\/fm<\/strong><\/p>\n","protected":false},"excerpt":{"rendered":"<p>Teher\u00e1n, 25 oct (SANA)\u00a0 El presidente de Ir\u00e1n, Ebrahim Raisi, declar\u00f3 que Estados Unidos recurri\u00f3 a la pol\u00edtica del terrorismo medi\u00e1tico al no lograr sus objetivo ambiciosos a trav\u00e9s de las sanciones que impuso a Ir\u00e1n y a otros pa\u00edses. Washington cometi\u00f3 un gran error al organizar disturbios en nuestro pa\u00eds donde las plazas se &hellip;<\/p>\n","protected":false},"author":35,"featured_media":259161,"comment_status":"closed","ping_status":"closed","sticky":false,"template":"","format":"standard","meta":{"footnotes":""},"categories":[597,456,20724,457,7541],"tags":[],"class_list":["post-259159","post","type-post","status-publish","format-standard","has-post-thumbnail","","category-cinta-de-noticias","category-arabe-internacional-politica","category-minuto-a-minuto","category-noticias-arabe-internacional-politica","category-ultimas-noticias"],"_links":{"self":[{"href":"https:\/\/archive.sana.sy\/es\/index.php?rest_route=\/wp\/v2\/posts\/259159"}],"collection":[{"href":"https:\/\/archive.sana.sy\/es\/index.php?rest_route=\/wp\/v2\/posts"}],"about":[{"href":"https:\/\/archive.sana.sy\/es\/index.php?rest_route=\/wp\/v2\/types\/post"}],"author":[{"embeddable":true,"href":"https:\/\/archive.sana.sy\/es\/index.php?rest_route=\/wp\/v2\/users\/35"}],"replies":[{"embeddable":true,"href":"https:\/\/archive.sana.sy\/es\/index.php?rest_route=%2Fwp%2Fv2%2Fcomments&post=259159"}],"version-history":[{"count":0,"href":"https:\/\/archive.sana.sy\/es\/index.php?rest_route=\/wp\/v2\/posts\/259159\/revisions"}],"wp:featuredmedia":[{"embeddable":true,"href":"https:\/\/archive.sana.sy\/es\/index.php?rest_route=\/wp\/v2\/media\/259161"}],"wp:attachment":[{"href":"https:\/\/archive.sana.sy\/es\/index.php?rest_route=%2Fwp%2Fv2%2Fmedia&parent=259159"}],"wp:term":[{"taxonomy":"category","embeddable":true,"href":"https:\/\/archive.sana.sy\/es\/index.php?rest_route=%2Fwp%2Fv2%2Fcategories&post=259159"},{"taxonomy":"post_tag","embeddable":true,"href":"https:\/\/archive.sana.sy\/es\/index.php?rest_route=%2Fwp%2Fv2%2Ftags&post=259159"}],"curies":[{"name":"wp","href":"https:\/\/api.w.org\/{rel}","templated":true}]}}