{"id":259169,"date":"2022-10-25T15:34:04","date_gmt":"2022-10-25T12:34:04","guid":{"rendered":"http:\/\/107.6.182.27\/es\/?p=259169"},"modified":"2022-10-25T15:34:04","modified_gmt":"2022-10-25T12:34:04","slug":"el-presidente-libanes-condecora-al-embajador-sirio-con-la-orden-nacional-del-cedro","status":"publish","type":"post","link":"https:\/\/archive.sana.sy\/es\/?p=259169","title":{"rendered":"El presidente liban\u00e9s condecora al embajador sirio con la Orden Nacional del Cedro"},"content":{"rendered":"<p style=\"text-align: justify;\"><span style=\"color: #800000;\"><strong>Beirut, 25 oct (SANA)\u00a0 \u00a0<\/strong> <\/span>\u00a0El presidente liban\u00e9s Michel Aoun, otorg\u00f3 al embajador de Siria en el L\u00edbano, Ali Abdel Karim Ali, la Orden Nacional del Cedro con el grado de Oficial Superior, con motivo del t\u00e9rmino de sus funciones y en reconocimiento a sus esfuerzos por consolidar las relaciones entre los dos pa\u00edses hermanos.<\/p>\n<p style=\"text-align: justify;\">Tras la entrega de la medalla, el embajador Ali expres\u00f3 su agradecimiento y gratitud por este reconocimiento, y destac\u00f3 las relaciones fraternales y los estrechos lazos entre los dos pa\u00edses.<\/p>\n<p style=\"text-align: justify;\">Elogi\u00f3 el papel del presidente Aoun en el mantenimiento de las relaciones desde que era el jefe del Bloque Cambio y Reforma y durante sus a\u00f1os como presidente de la Rep\u00fablica Libanesa.<\/p>\n<p style=\"text-align: justify;\">Ali esper\u00f3 activar las relaciones entre Siria y L\u00edbano, por el bien del pueblo de los dos pa\u00edses hermanos.<\/p>\n<p style=\"text-align: justify;\">fm\/ed<\/p>\n","protected":false},"excerpt":{"rendered":"<p>Beirut, 25 oct (SANA)\u00a0 \u00a0 \u00a0El presidente liban\u00e9s Michel Aoun, otorg\u00f3 al embajador de Siria en el L\u00edbano, Ali Abdel Karim Ali, la Orden Nacional del Cedro con el grado de Oficial Superior, con motivo del t\u00e9rmino de sus funciones y en reconocimiento a sus esfuerzos por consolidar las relaciones entre los dos pa\u00edses hermanos. &hellip;<\/p>\n","protected":false},"author":32,"featured_media":259170,"comment_status":"closed","ping_status":"closed","sticky":false,"template":"","format":"standard","meta":{"footnotes":""},"categories":[597,467,7541],"tags":[8947],"class_list":["post-259169","post","type-post","status-publish","format-standard","has-post-thumbnail","","category-cinta-de-noticias","category-siria-y-el-mundo","category-ultimas-noticias","tag-beirut"],"_links":{"self":[{"href":"https:\/\/archive.sana.sy\/es\/index.php?rest_route=\/wp\/v2\/posts\/259169"}],"collection":[{"href":"https:\/\/archive.sana.sy\/es\/index.php?rest_route=\/wp\/v2\/posts"}],"about":[{"href":"https:\/\/archive.sana.sy\/es\/index.php?rest_route=\/wp\/v2\/types\/post"}],"author":[{"embeddable":true,"href":"https:\/\/archive.sana.sy\/es\/index.php?rest_route=\/wp\/v2\/users\/32"}],"replies":[{"embeddable":true,"href":"https:\/\/archive.sana.sy\/es\/index.php?rest_route=%2Fwp%2Fv2%2Fcomments&post=259169"}],"version-history":[{"count":0,"href":"https:\/\/archive.sana.sy\/es\/index.php?rest_route=\/wp\/v2\/posts\/259169\/revisions"}],"wp:featuredmedia":[{"embeddable":true,"href":"https:\/\/archive.sana.sy\/es\/index.php?rest_route=\/wp\/v2\/media\/259170"}],"wp:attachment":[{"href":"https:\/\/archive.sana.sy\/es\/index.php?rest_route=%2Fwp%2Fv2%2Fmedia&parent=259169"}],"wp:term":[{"taxonomy":"category","embeddable":true,"href":"https:\/\/archive.sana.sy\/es\/index.php?rest_route=%2Fwp%2Fv2%2Fcategories&post=259169"},{"taxonomy":"post_tag","embeddable":true,"href":"https:\/\/archive.sana.sy\/es\/index.php?rest_route=%2Fwp%2Fv2%2Ftags&post=259169"}],"curies":[{"name":"wp","href":"https:\/\/api.w.org\/{rel}","templated":true}]}}