{"id":25923,"date":"2015-07-01T18:51:47","date_gmt":"2015-07-01T15:51:47","guid":{"rendered":"http:\/\/sana.sy\/es\/?p=25923"},"modified":"2015-07-01T19:57:31","modified_gmt":"2015-07-01T16:57:31","slug":"cuba-y-estados-unidos-reabriran-sus-embajadas-el-dia-20-de-julio","status":"publish","type":"post","link":"https:\/\/archive.sana.sy\/es\/?p=25923","title":{"rendered":"Cuba y Estados Unidos reabrir\u00e1n sus embajadas el d\u00eda 20 de julio"},"content":{"rendered":"<p>&nbsp;<\/p>\n<p><span style=\"color: #800000\">La Habana-SANA<\/span><\/p>\n<p style=\"text-align: justify\">La reapertura de embajadas de Estados Unidos y Cuba, ya tiene fecha. Ser\u00e1 el 20 de julio, seg\u00fan ha informado el presidente Barack Obama a su hom\u00f3logo, Ra\u00fal Castro, en una carta entregada este mi\u00e9rcoles en La Habana.<\/p>\n<p style=\"text-align: justify\">La misiva hab\u00eda sido entregada este mi\u00e9rcoles por el jefe de la Secci\u00f3n de Intereses de EE UU, Jeffrey DeLaurentis, al ministro de interior cubano, Marcelino Medina. Ha sido la canciller\u00eda cubana la que ha revelado poco despu\u00e9s en un comunicado la fecha fijada.<\/p>\n<p style=\"text-align: justify\">La entrega de las cartas presidenciales era el primer paso burocr\u00e1tico hacia la formalizaci\u00f3n del restablecimiento de relaciones diplom\u00e1ticas interrumpidas desde 1961.<\/p>\n<p style=\"text-align: justify\">El anuncio formal lo va a hacer el propio Obama, tambi\u00e9n este mi\u00e9rcoles, desde la Casa Blanca, seg\u00fan hab\u00edan adelantado fuentes estadounidenses la v\u00edspera.<\/p>\n<p style=\"text-align: justify\">El anuncio, que se esperaba desde hace semanas, confirma la voluntad de continuar el proceso de normalizaci\u00f3n que iniciaron Obama y el presidente cubano, Ra\u00fal Castro, el 17 de diciembre.<\/p>\n<p style=\"text-align: justify\">El hist\u00f3rico paso ha sido posible tras cuatro rondas de negociaciones de alto nivel tanto en La Habana como en Washington. Adem\u00e1s, Obama y Castro protagonizaron durante la Cumbre de las Am\u00e9ricas en Panam\u00e1 en abril un hist\u00f3rico encuentro, el primer cara a cara formal entre un presidente de EE UU y uno cubano en m\u00e1s de medio siglo.<\/p>\n<p>M.Miri<\/p>\n","protected":false},"excerpt":{"rendered":"<p>&nbsp; La Habana-SANA La reapertura de embajadas de Estados Unidos y Cuba, ya tiene fecha. Ser\u00e1 el 20 de julio, seg\u00fan ha informado el presidente Barack Obama a su hom\u00f3logo, Ra\u00fal Castro, en una carta entregada este mi\u00e9rcoles en La Habana. La misiva hab\u00eda sido entregada este mi\u00e9rcoles por el jefe de la Secci\u00f3n de &hellip;<\/p>\n","protected":false},"author":1,"featured_media":25927,"comment_status":"closed","ping_status":"closed","sticky":false,"template":"","format":"standard","meta":{"footnotes":""},"categories":[456,457,576],"tags":[5810],"class_list":["post-25923","post","type-post","status-publish","format-standard","has-post-thumbnail","","category-arabe-internacional-politica","category-noticias-arabe-internacional-politica","category-noticias-politicas","tag-cuba-y-estados-unidos-reabriran-sus-embajadas-el-dia-20-de-julio"],"_links":{"self":[{"href":"https:\/\/archive.sana.sy\/es\/index.php?rest_route=\/wp\/v2\/posts\/25923"}],"collection":[{"href":"https:\/\/archive.sana.sy\/es\/index.php?rest_route=\/wp\/v2\/posts"}],"about":[{"href":"https:\/\/archive.sana.sy\/es\/index.php?rest_route=\/wp\/v2\/types\/post"}],"author":[{"embeddable":true,"href":"https:\/\/archive.sana.sy\/es\/index.php?rest_route=\/wp\/v2\/users\/1"}],"replies":[{"embeddable":true,"href":"https:\/\/archive.sana.sy\/es\/index.php?rest_route=%2Fwp%2Fv2%2Fcomments&post=25923"}],"version-history":[{"count":0,"href":"https:\/\/archive.sana.sy\/es\/index.php?rest_route=\/wp\/v2\/posts\/25923\/revisions"}],"wp:featuredmedia":[{"embeddable":true,"href":"https:\/\/archive.sana.sy\/es\/index.php?rest_route=\/wp\/v2\/media\/25927"}],"wp:attachment":[{"href":"https:\/\/archive.sana.sy\/es\/index.php?rest_route=%2Fwp%2Fv2%2Fmedia&parent=25923"}],"wp:term":[{"taxonomy":"category","embeddable":true,"href":"https:\/\/archive.sana.sy\/es\/index.php?rest_route=%2Fwp%2Fv2%2Fcategories&post=25923"},{"taxonomy":"post_tag","embeddable":true,"href":"https:\/\/archive.sana.sy\/es\/index.php?rest_route=%2Fwp%2Fv2%2Ftags&post=25923"}],"curies":[{"name":"wp","href":"https:\/\/api.w.org\/{rel}","templated":true}]}}