{"id":25925,"date":"2015-07-01T19:44:08","date_gmt":"2015-07-01T16:44:08","guid":{"rendered":"http:\/\/sana.sy\/es\/?p=25925"},"modified":"2023-01-09T14:10:00","modified_gmt":"2023-01-09T12:10:00","slug":"por-orientaciones-del-presidente-al-assad-primer-ministro-visita-la-ciudad-de-alepo","status":"publish","type":"post","link":"https:\/\/archive.sana.sy\/es\/?p=25925","title":{"rendered":"Por orientaciones del presidente Al-Assad, primer ministro visita la ciudad de Alepo"},"content":{"rendered":"<p><span style=\"color: #800000\">Alepo-SANA<\/span><\/p>\n<p style=\"text-align: justify\">Orientado por el presidente Bashar Al-Assad, el primer ministro Wael al-Halaqi visit\u00f3 \u00a0la provincia de Alepo el mi\u00e9rcoles, para inspeccionar el rendimiento de los sectores econ\u00f3mico, industrial, de servicios, agr\u00edcolas, y de desarrollo.<\/p>\n<p style=\"text-align: justify\">El primer ministro visit\u00f3 el ayuntamiento de Alepo para estar al tanto de lo que se ha cumplido de las obras de rehabilitaci\u00f3n de carreteras, en particular, la carretera de Jnaser, e hizo una gira en los mercados populares de la ciudad, as\u00ed como se encontr\u00f3 con los ciudadanos y atendi\u00f3 sus demandas, solicitando de las autoridades competentes satisfacer sus necesidades.<\/p>\n<p style=\"text-align: justify\">Asimismo, al Halaki hizo una gira por la zona industrial en al-Shej Nayar, y estuvo al tanto de la realidad de las instituciones industriales, as\u00ed como orient\u00f3 a las autoridades competentes a completar la rehabilitaci\u00f3n de los centros y servicios hasta que Alepo vuelva la capital de la industria siria.<\/p>\n<p style=\"text-align: justify\">En paralelo, el primer ministro se encontr\u00f3 con varios figuras sociales, econ\u00f3micos, religiosos, y dignatarios de la provincia de Alepo, y asegur\u00f3 que el gobierno estudiar\u00e1 a diario todas las visiones, decisiones, y recomendaciones sobre Alepo para implementarlas.<\/p>\n<p style=\"text-align: justify\">Y reiter\u00f3 en declaraciones a la prensa continuar la lucha contra el terrorismo y erradicarlo de todo el territorio sirio para que Alepo vuelva como antes, una ciudad funcional, segura y prospera.<\/p>\n<p>M.Miri<\/p>\n","protected":false},"excerpt":{"rendered":"<p>Alepo-SANA Orientado por el presidente Bashar Al-Assad, el primer ministro Wael al-Halaqi visit\u00f3 \u00a0la provincia de Alepo el mi\u00e9rcoles, para inspeccionar el rendimiento de los sectores econ\u00f3mico, industrial, de servicios, agr\u00edcolas, y de desarrollo. El primer ministro visit\u00f3 el ayuntamiento de Alepo para estar al tanto de lo que se ha cumplido de las obras &hellip;<\/p>\n","protected":false},"author":1,"featured_media":25929,"comment_status":"closed","ping_status":"closed","sticky":false,"template":"","format":"standard","meta":{"footnotes":""},"categories":[477,597,476],"tags":[5811,5812],"class_list":["post-25925","post","type-post","status-publish","format-standard","has-post-thumbnail","","category-noticias-edulcorantes","category-cinta-de-noticias","category-locales","tag-por-orientaciones-del-presidente-al-assad","tag-primer-ministro-visita-la-ciudad-de-alepo"],"_links":{"self":[{"href":"https:\/\/archive.sana.sy\/es\/index.php?rest_route=\/wp\/v2\/posts\/25925"}],"collection":[{"href":"https:\/\/archive.sana.sy\/es\/index.php?rest_route=\/wp\/v2\/posts"}],"about":[{"href":"https:\/\/archive.sana.sy\/es\/index.php?rest_route=\/wp\/v2\/types\/post"}],"author":[{"embeddable":true,"href":"https:\/\/archive.sana.sy\/es\/index.php?rest_route=\/wp\/v2\/users\/1"}],"replies":[{"embeddable":true,"href":"https:\/\/archive.sana.sy\/es\/index.php?rest_route=%2Fwp%2Fv2%2Fcomments&post=25925"}],"version-history":[{"count":0,"href":"https:\/\/archive.sana.sy\/es\/index.php?rest_route=\/wp\/v2\/posts\/25925\/revisions"}],"wp:featuredmedia":[{"embeddable":true,"href":"https:\/\/archive.sana.sy\/es\/index.php?rest_route=\/wp\/v2\/media\/25929"}],"wp:attachment":[{"href":"https:\/\/archive.sana.sy\/es\/index.php?rest_route=%2Fwp%2Fv2%2Fmedia&parent=25925"}],"wp:term":[{"taxonomy":"category","embeddable":true,"href":"https:\/\/archive.sana.sy\/es\/index.php?rest_route=%2Fwp%2Fv2%2Fcategories&post=25925"},{"taxonomy":"post_tag","embeddable":true,"href":"https:\/\/archive.sana.sy\/es\/index.php?rest_route=%2Fwp%2Fv2%2Ftags&post=25925"}],"curies":[{"name":"wp","href":"https:\/\/api.w.org\/{rel}","templated":true}]}}