{"id":259324,"date":"2022-10-26T14:32:34","date_gmt":"2022-10-26T11:32:34","guid":{"rendered":"http:\/\/107.6.182.27\/es\/?p=259324"},"modified":"2022-10-26T14:32:34","modified_gmt":"2022-10-26T11:32:34","slug":"siria-condena-ataques-de-milicia-separatista-fds-contra-oficinas-de-la-onu-en-qamishli","status":"publish","type":"post","link":"https:\/\/archive.sana.sy\/es\/?p=259324","title":{"rendered":"Siria condena ataques de milicia separatista FDS contra oficinas de la ONU en Qamishli"},"content":{"rendered":"<p style=\"text-align: justify;\"><span style=\"color: #800000;\"><strong>Damasco, 26 oct (SANA)\u00a0<\/strong><\/span> El Ministerio de Exteriores y Expatriados rechaz\u00f3 hoy los recientes ataques perpetrados por las llamadas Fuerzas Democr\u00e1ticas de Siria (FDS), milicia separatista apoyada por Estados Unidos, contra las oficinas de las organizaciones internacionales en la ciudad de Qamishli, en el nordeste de Siria.<\/p>\n<p style=\"text-align: justify;\">En una declaraci\u00f3n emitida hoy, el Ministerio conden\u00f3 los ataques llevados a cabo por estos grupos separatistas en Qamishli y otras ciudades contra algunas organizaciones de la ONU que laboran en el campo humanitario, especialmente las oficinas del Alto Comisionado para los Refugiados y la Organizaci\u00f3n Mundial de la Salud.<\/p>\n<p style=\"text-align: justify;\">\u201cSiria rechaza estos ataques y llama a los pa\u00edses que patrocinan las organizaciones separatistas, especialmente Estados Unidos y sus aliados occidentales, a presionar a estas milicias para que detengan tales ataques y no los repitan\u201d, inform\u00f3 Canciller\u00eda por medio de una declaraci\u00f3n.<\/p>\n<p style=\"text-align: justify;\">El comunicado subray\u00f3 la necesidad de las Naciones Unidas y sus organismos traten de la manera apropiada tales comportamientos que obstaculizan su trabajo humanitario en Siria.<\/p>\n<p style=\"text-align: justify;\">\n","protected":false},"excerpt":{"rendered":"<p>Damasco, 26 oct (SANA)\u00a0 El Ministerio de Exteriores y Expatriados rechaz\u00f3 hoy los recientes ataques perpetrados por las llamadas Fuerzas Democr\u00e1ticas de Siria (FDS), milicia separatista apoyada por Estados Unidos, contra las oficinas de las organizaciones internacionales en la ciudad de Qamishli, en el nordeste de Siria. En una declaraci\u00f3n emitida hoy, el Ministerio conden\u00f3 &hellip;<\/p>\n","protected":false},"author":34,"featured_media":259325,"comment_status":"closed","ping_status":"closed","sticky":false,"template":"","format":"standard","meta":{"footnotes":""},"categories":[477,447,597,20724,476,583],"tags":[],"class_list":["post-259324","post","type-post","status-publish","format-standard","has-post-thumbnail","","category-noticias-edulcorantes","category-local-politica","category-cinta-de-noticias","category-minuto-a-minuto","category-locales","category-slide"],"_links":{"self":[{"href":"https:\/\/archive.sana.sy\/es\/index.php?rest_route=\/wp\/v2\/posts\/259324"}],"collection":[{"href":"https:\/\/archive.sana.sy\/es\/index.php?rest_route=\/wp\/v2\/posts"}],"about":[{"href":"https:\/\/archive.sana.sy\/es\/index.php?rest_route=\/wp\/v2\/types\/post"}],"author":[{"embeddable":true,"href":"https:\/\/archive.sana.sy\/es\/index.php?rest_route=\/wp\/v2\/users\/34"}],"replies":[{"embeddable":true,"href":"https:\/\/archive.sana.sy\/es\/index.php?rest_route=%2Fwp%2Fv2%2Fcomments&post=259324"}],"version-history":[{"count":0,"href":"https:\/\/archive.sana.sy\/es\/index.php?rest_route=\/wp\/v2\/posts\/259324\/revisions"}],"wp:featuredmedia":[{"embeddable":true,"href":"https:\/\/archive.sana.sy\/es\/index.php?rest_route=\/wp\/v2\/media\/259325"}],"wp:attachment":[{"href":"https:\/\/archive.sana.sy\/es\/index.php?rest_route=%2Fwp%2Fv2%2Fmedia&parent=259324"}],"wp:term":[{"taxonomy":"category","embeddable":true,"href":"https:\/\/archive.sana.sy\/es\/index.php?rest_route=%2Fwp%2Fv2%2Fcategories&post=259324"},{"taxonomy":"post_tag","embeddable":true,"href":"https:\/\/archive.sana.sy\/es\/index.php?rest_route=%2Fwp%2Fv2%2Ftags&post=259324"}],"curies":[{"name":"wp","href":"https:\/\/api.w.org\/{rel}","templated":true}]}}