{"id":25936,"date":"2015-07-01T21:21:00","date_gmt":"2015-07-01T18:21:00","guid":{"rendered":"http:\/\/sana.sy\/es\/?p=25936"},"modified":"2015-07-01T21:21:00","modified_gmt":"2015-07-01T18:21:00","slug":"yemen-derriba-un-caza-kuwaiti","status":"publish","type":"post","link":"https:\/\/archive.sana.sy\/es\/?p=25936","title":{"rendered":"Yemen derriba un caza  kuwait\u00ed"},"content":{"rendered":"<p><span style=\"color: #800000\">San\u00e1-SANA<\/span><\/p>\n<p style=\"text-align: justify\">El Ej\u00e9rcito yemen\u00ed derrib\u00f3 \u00a0un avi\u00f3n de combate kuwait\u00ed que participaba en la agresi\u00f3n del r\u00e9gimen saud\u00ed contra Yemen.<\/p>\n<p style=\"text-align: justify\">Segun medios locales, el citado avi\u00f3n ha sido derrocado por un misil tierra-aire en la localidad de Harf Sofyan, en la provincia norte\u00f1a de Omran , las fuentes agregaron que las fuerzas yemen\u00edes han detenido al piloto, identificado como Mohamad Fawaz Hasnain.<\/p>\n<p style=\"text-align: justify\">El pasado 24 de mayo, en otro acto similar, las fuerzas yemen\u00edes derribaron un caza F-16 en la localidad de Kataf, en la provincia de Saada, noreste de Yemen., asimismo, otro caza F-16 saud\u00ed fue derribado el pasado 11 de mayo en la misma urbe por los combatientes de Ansarol\u00e1.<\/p>\n<p style=\"text-align: justify\"><span style=\"color: #0000ff\">Fuerzas yemen\u00edes destruyen dos tanques saud\u00edes en Najran.<\/span><\/p>\n<p style=\"text-align: justify\">El Ej\u00e9rcito, con el apoyo de los combatientes del movimiento popular Ansarol\u00e1, ha atacado este mi\u00e9rcoles posiciones militares saud\u00edes en la regi\u00f3n de Najran, en el sur de Arabia Saud\u00ed, y han destruido dos tanques militares.<\/p>\n<p style=\"text-align: justify\"><span style=\"color: #0000ff\">Mueren cuatro yemen\u00edes en nuevo bombardeo saud\u00ed en Yemen.<\/span><\/p>\n<p style=\"text-align: justify\">Al menos cuatro civiles han perdido la vida este mi\u00e9rcoles en los bombardeos de la aviaci\u00f3n militar saud\u00ed contra barrios residenciales en la provincia de Saada.<\/p>\n<p style=\"text-align: justify\">Los aviones de guerra saud\u00edes han lanzado 18 misiles contra las localidades de Ibad, Baqem, Rahban y Yasnem, en Saada, y adem\u00e1s de provocar v\u00edctimas mortales, han herido a varias personas.<\/p>\n<p>M.Miri<\/p>\n","protected":false},"excerpt":{"rendered":"<p>San\u00e1-SANA El Ej\u00e9rcito yemen\u00ed derrib\u00f3 \u00a0un avi\u00f3n de combate kuwait\u00ed que participaba en la agresi\u00f3n del r\u00e9gimen saud\u00ed contra Yemen. Segun medios locales, el citado avi\u00f3n ha sido derrocado por un misil tierra-aire en la localidad de Harf Sofyan, en la provincia norte\u00f1a de Omran , las fuentes agregaron que las fuerzas yemen\u00edes han detenido &hellip;<\/p>\n","protected":false},"author":1,"featured_media":24820,"comment_status":"closed","ping_status":"closed","sticky":false,"template":"","format":"standard","meta":{"footnotes":""},"categories":[456,457,576],"tags":[5817],"class_list":["post-25936","post","type-post","status-publish","format-standard","has-post-thumbnail","","category-arabe-internacional-politica","category-noticias-arabe-internacional-politica","category-noticias-politicas","tag-yemen-derriba-un-caza-kuwaiti"],"_links":{"self":[{"href":"https:\/\/archive.sana.sy\/es\/index.php?rest_route=\/wp\/v2\/posts\/25936"}],"collection":[{"href":"https:\/\/archive.sana.sy\/es\/index.php?rest_route=\/wp\/v2\/posts"}],"about":[{"href":"https:\/\/archive.sana.sy\/es\/index.php?rest_route=\/wp\/v2\/types\/post"}],"author":[{"embeddable":true,"href":"https:\/\/archive.sana.sy\/es\/index.php?rest_route=\/wp\/v2\/users\/1"}],"replies":[{"embeddable":true,"href":"https:\/\/archive.sana.sy\/es\/index.php?rest_route=%2Fwp%2Fv2%2Fcomments&post=25936"}],"version-history":[{"count":0,"href":"https:\/\/archive.sana.sy\/es\/index.php?rest_route=\/wp\/v2\/posts\/25936\/revisions"}],"wp:featuredmedia":[{"embeddable":true,"href":"https:\/\/archive.sana.sy\/es\/index.php?rest_route=\/wp\/v2\/media\/24820"}],"wp:attachment":[{"href":"https:\/\/archive.sana.sy\/es\/index.php?rest_route=%2Fwp%2Fv2%2Fmedia&parent=25936"}],"wp:term":[{"taxonomy":"category","embeddable":true,"href":"https:\/\/archive.sana.sy\/es\/index.php?rest_route=%2Fwp%2Fv2%2Fcategories&post=25936"},{"taxonomy":"post_tag","embeddable":true,"href":"https:\/\/archive.sana.sy\/es\/index.php?rest_route=%2Fwp%2Fv2%2Ftags&post=25936"}],"curies":[{"name":"wp","href":"https:\/\/api.w.org\/{rel}","templated":true}]}}