{"id":259407,"date":"2022-10-26T21:49:35","date_gmt":"2022-10-26T18:49:35","guid":{"rendered":"http:\/\/107.6.182.27\/es\/?p=259407"},"modified":"2023-01-10T15:51:12","modified_gmt":"2023-01-10T13:51:12","slug":"honduras-cita-a-embajadora-de-eeuu-en-protesta-por-injerencia-en-asuntos-internos","status":"publish","type":"post","link":"https:\/\/archive.sana.sy\/es\/?p=259407","title":{"rendered":"Honduras cita a embajadora de EEUU en protesta por injerencia en asuntos internos"},"content":{"rendered":"<p style=\"text-align: justify;\"><span style=\"color: #800000;\"><strong>San Salvador, 26 oct (SANA)<\/strong><\/span> La Canciller\u00eda de Honduras cit\u00f3 a la embajadora de Estados Unidos, Laura Dogu, para presentarle una protesta por la injerencia de la diplom\u00e1tica en asuntos internos de ese pa\u00eds.<\/p>\n<p style=\"text-align: justify;\">&#8220;Por instrucciones de la presidenta de la Rep\u00fablica, Xiomara Castro, el canciller Enrique Reina cita a las 12:00 horas [18:00 GMT] del d\u00eda 31 de octubre en car\u00e1cter obligatorio a la embajadora de EEUU en Honduras, para presentar protesta formal por su injerencia&#8221;, se\u00f1al\u00f3 el oficialista Partido Libertad y Refundaci\u00f3n en la red social Twitter.<\/p>\n<p style=\"text-align: justify;\">Seg\u00fan difundi\u00f3 la agencia Sputnik, Dogu expres\u00f3 reci\u00e9n el 25 de octubre en un encuentro con directivos de la C\u00e1mara de Comercio Hondure\u00f1o-Americana la preocupaci\u00f3n de su pa\u00eds por el tratamiento a la inversi\u00f3n extranjera en Honduras.<\/p>\n<p>mm<\/p>\n","protected":false},"excerpt":{"rendered":"<p>San Salvador, 26 oct (SANA) La Canciller\u00eda de Honduras cit\u00f3 a la embajadora de Estados Unidos, Laura Dogu, para presentarle una protesta por la injerencia de la diplom\u00e1tica en asuntos internos de ese pa\u00eds. &#8220;Por instrucciones de la presidenta de la Rep\u00fablica, Xiomara Castro, el canciller Enrique Reina cita a las 12:00 horas [18:00 GMT] &hellip;<\/p>\n","protected":false},"author":36,"featured_media":259408,"comment_status":"closed","ping_status":"closed","sticky":false,"template":"","format":"standard","meta":{"footnotes":""},"categories":[597,456,20724,476,457],"tags":[],"class_list":["post-259407","post","type-post","status-publish","format-standard","has-post-thumbnail","","category-cinta-de-noticias","category-arabe-internacional-politica","category-minuto-a-minuto","category-locales","category-noticias-arabe-internacional-politica"],"_links":{"self":[{"href":"https:\/\/archive.sana.sy\/es\/index.php?rest_route=\/wp\/v2\/posts\/259407"}],"collection":[{"href":"https:\/\/archive.sana.sy\/es\/index.php?rest_route=\/wp\/v2\/posts"}],"about":[{"href":"https:\/\/archive.sana.sy\/es\/index.php?rest_route=\/wp\/v2\/types\/post"}],"author":[{"embeddable":true,"href":"https:\/\/archive.sana.sy\/es\/index.php?rest_route=\/wp\/v2\/users\/36"}],"replies":[{"embeddable":true,"href":"https:\/\/archive.sana.sy\/es\/index.php?rest_route=%2Fwp%2Fv2%2Fcomments&post=259407"}],"version-history":[{"count":0,"href":"https:\/\/archive.sana.sy\/es\/index.php?rest_route=\/wp\/v2\/posts\/259407\/revisions"}],"wp:featuredmedia":[{"embeddable":true,"href":"https:\/\/archive.sana.sy\/es\/index.php?rest_route=\/wp\/v2\/media\/259408"}],"wp:attachment":[{"href":"https:\/\/archive.sana.sy\/es\/index.php?rest_route=%2Fwp%2Fv2%2Fmedia&parent=259407"}],"wp:term":[{"taxonomy":"category","embeddable":true,"href":"https:\/\/archive.sana.sy\/es\/index.php?rest_route=%2Fwp%2Fv2%2Fcategories&post=259407"},{"taxonomy":"post_tag","embeddable":true,"href":"https:\/\/archive.sana.sy\/es\/index.php?rest_route=%2Fwp%2Fv2%2Ftags&post=259407"}],"curies":[{"name":"wp","href":"https:\/\/api.w.org\/{rel}","templated":true}]}}