{"id":25941,"date":"2015-07-01T22:09:19","date_gmt":"2015-07-01T19:09:19","guid":{"rendered":"http:\/\/sana.sy\/es\/?p=25941"},"modified":"2015-07-01T22:09:19","modified_gmt":"2015-07-01T19:09:19","slug":"daesh-amenaza-a-los-aldeanos-en-la-frontera-sirio-turca","status":"publish","type":"post","link":"https:\/\/archive.sana.sy\/es\/?p=25941","title":{"rendered":"Daesh amenaza a los aldeanos en la frontera sirio-turca"},"content":{"rendered":"<p><span style=\"color: #800000\">Ankara-SANA<\/span><\/p>\n<p style=\"text-align: justify\">Los residentes de las aldeas de la zona fronteriza sirio-turca, confirmaron que la organizaci\u00f3n terrorista EI les amenaz\u00f3 con la muerte y que sus vidas est\u00e1n en peligro debido a la expansi\u00f3n terrorista en aquellas zonas y por el uso de aquellas aldeas como paso de penetraci\u00f3n a Siria.<\/p>\n<p style=\"text-align: justify\">El peri\u00f3dico turco \u00abBugun\u00bb, explic\u00f3 que la verdadera amenaza para los habitantes de las aldeas en las regiones de Gaziantep y Kielce son los militantes del EI que pasan por all\u00ed antes de cruzar la frontera con Siria.<\/p>\n<p style=\"text-align: justify\">Los aldeanos dijeron que viven bajo la constante amenaza de los militantes del EI que invadieron sus asentamientos. De acuerdo con la poblaci\u00f3n local, los militantes utilizaron sus aldeas para una mayor penetraci\u00f3n en Siria y para el transporte de municiones y equipo militar. Los terroristas les ofrecen grandes sumas de dinero para la provisi\u00f3n de refugio temporal, y en el caso de mostrarse indispuestos son amenazados de muerte y violencia.<\/p>\n<p style=\"text-align: justify\">Seg\u00fan la publicaci\u00f3n, debido a la insuficiencia de las normas de la legislaci\u00f3n vigente que no incluye arrestos por esos cr\u00edmenes, el Estado turco no es capaz de sancionar realmente a los que albergan terroristas de Daesh y ofrecerles apoyo. Tales delitos se castigan con la detenci\u00f3n de una semana, y luego simplemente dejar el culpable en libertad.<\/p>\n<p style=\"text-align: justify\">Un periodista del diario dijo que el comandante de la gendarmer\u00eda local no quer\u00eda abordar el tema ni siquiera con por tel\u00e9fono, por temor a los militantes.<\/p>\n<p>M.Miri, Riad.Sh<\/p>\n","protected":false},"excerpt":{"rendered":"<p>Ankara-SANA Los residentes de las aldeas de la zona fronteriza sirio-turca, confirmaron que la organizaci\u00f3n terrorista EI les amenaz\u00f3 con la muerte y que sus vidas est\u00e1n en peligro debido a la expansi\u00f3n terrorista en aquellas zonas y por el uso de aquellas aldeas como paso de penetraci\u00f3n a Siria. El peri\u00f3dico turco \u00abBugun\u00bb, explic\u00f3 &hellip;<\/p>\n","protected":false},"author":1,"featured_media":25942,"comment_status":"closed","ping_status":"closed","sticky":false,"template":"","format":"standard","meta":{"footnotes":""},"categories":[555],"tags":[5819],"class_list":["post-25941","post","type-post","status-publish","format-standard","has-post-thumbnail","","category-prensa","tag-daesh-amenaza-a-los-aldeanos-en-la-frontera-sirio-turca"],"_links":{"self":[{"href":"https:\/\/archive.sana.sy\/es\/index.php?rest_route=\/wp\/v2\/posts\/25941"}],"collection":[{"href":"https:\/\/archive.sana.sy\/es\/index.php?rest_route=\/wp\/v2\/posts"}],"about":[{"href":"https:\/\/archive.sana.sy\/es\/index.php?rest_route=\/wp\/v2\/types\/post"}],"author":[{"embeddable":true,"href":"https:\/\/archive.sana.sy\/es\/index.php?rest_route=\/wp\/v2\/users\/1"}],"replies":[{"embeddable":true,"href":"https:\/\/archive.sana.sy\/es\/index.php?rest_route=%2Fwp%2Fv2%2Fcomments&post=25941"}],"version-history":[{"count":0,"href":"https:\/\/archive.sana.sy\/es\/index.php?rest_route=\/wp\/v2\/posts\/25941\/revisions"}],"wp:featuredmedia":[{"embeddable":true,"href":"https:\/\/archive.sana.sy\/es\/index.php?rest_route=\/wp\/v2\/media\/25942"}],"wp:attachment":[{"href":"https:\/\/archive.sana.sy\/es\/index.php?rest_route=%2Fwp%2Fv2%2Fmedia&parent=25941"}],"wp:term":[{"taxonomy":"category","embeddable":true,"href":"https:\/\/archive.sana.sy\/es\/index.php?rest_route=%2Fwp%2Fv2%2Fcategories&post=25941"},{"taxonomy":"post_tag","embeddable":true,"href":"https:\/\/archive.sana.sy\/es\/index.php?rest_route=%2Fwp%2Fv2%2Ftags&post=25941"}],"curies":[{"name":"wp","href":"https:\/\/api.w.org\/{rel}","templated":true}]}}