{"id":259420,"date":"2022-10-27T05:40:30","date_gmt":"2022-10-27T02:40:30","guid":{"rendered":"http:\/\/107.6.182.27\/es\/?p=259420"},"modified":"2022-10-27T05:41:45","modified_gmt":"2022-10-27T02:41:45","slug":"defensa-antiaereas-sirias-repelen-nuevo-ataque-israeli-con-misiles-cerca-de-damasco-video","status":"publish","type":"post","link":"https:\/\/archive.sana.sy\/es\/?p=259420","title":{"rendered":"Defensa antia\u00e9reas sirias repelen nuevo ataque israel\u00ed con misiles cerca de Damasco (v\u00eddeo)"},"content":{"rendered":"<p style=\"text-align: justify;\"><span style=\"color: #800000;\"><strong>Damasco, 27 oct (SANA)\u00a0<\/strong><\/span>\u00a0 Las defensas antia\u00e9reas del ej\u00e9rcito sirio repelieron hoy una agresi\u00f3n israel\u00ed con misiles contra puntos en las inmediaciones de la capital Damasco.<\/p>\n<p style=\"text-align: justify;\">Una fuente militar declar\u00f3 que \u201calrededor de 00:30 hora local de la madrugada de este jueves, 27 de octubre, el enemigo israel\u00ed llev\u00f3 a cabo una agresi\u00f3n con misiles disparados desde la direcci\u00f3n de los territorios palestinos ocupados contra algunos puntos en los alrededores de la ciudad de Damasco.<\/p>\n<p style=\"text-align: justify;\">\u201cNuestros medios de defensa a\u00e9rea actuaron y derribaron la mayor\u00eda de los misiles israel\u00edes\u201d, indic\u00f3 la fuente.<\/p>\n<p style=\"text-align: justify;\">Agreg\u00f3 que la agresi\u00f3n ocasion\u00f3 s\u00f3lo algunas p\u00e9rdidas materiales.<\/p>\n<p><iframe loading=\"lazy\" title=\"\u0648\u0633\u0627\u0626\u0637 \u062f\u0641\u0627\u0639\u0646\u0627 \u0627\u0644\u062c\u0648\u064a\u0629 \u062a\u062a\u0635\u062f\u0649 \u0644\u0623\u0647\u062f\u0627\u0641 \u0645\u0639\u0627\u062f\u064a\u0629 \u0641\u064a \u0633\u0645\u0627\u0621 \u0645\u062d\u064a\u0637 \u062f\u0645\u0634\u0642\" src=\"https:\/\/www.youtube.com\/embed\/Vbpb9QjcAVo\" width=\"800\" height=\"400\" frameborder=\"0\" allowfullscreen=\"allowfullscreen\"><span data-mce-type=\"bookmark\" style=\"display: inline-block; width: 0px; overflow: hidden; line-height: 0;\" class=\"mce_SELRES_start\">\ufeff<\/span><\/iframe><\/p>\n<p style=\"text-align: justify;\">fm<\/p>\n","protected":false},"excerpt":{"rendered":"<p>Damasco, 27 oct (SANA)\u00a0\u00a0 Las defensas antia\u00e9reas del ej\u00e9rcito sirio repelieron hoy una agresi\u00f3n israel\u00ed con misiles contra puntos en las inmediaciones de la capital Damasco. Una fuente militar declar\u00f3 que \u201calrededor de 00:30 hora local de la madrugada de este jueves, 27 de octubre, el enemigo israel\u00ed llev\u00f3 a cabo una agresi\u00f3n con misiles &hellip;<\/p>\n","protected":false},"author":34,"featured_media":259421,"comment_status":"closed","ping_status":"closed","sticky":false,"template":"","format":"standard","meta":{"footnotes":""},"categories":[477,447,597,20724,476,583],"tags":[],"class_list":["post-259420","post","type-post","status-publish","format-standard","has-post-thumbnail","","category-noticias-edulcorantes","category-local-politica","category-cinta-de-noticias","category-minuto-a-minuto","category-locales","category-slide"],"_links":{"self":[{"href":"https:\/\/archive.sana.sy\/es\/index.php?rest_route=\/wp\/v2\/posts\/259420"}],"collection":[{"href":"https:\/\/archive.sana.sy\/es\/index.php?rest_route=\/wp\/v2\/posts"}],"about":[{"href":"https:\/\/archive.sana.sy\/es\/index.php?rest_route=\/wp\/v2\/types\/post"}],"author":[{"embeddable":true,"href":"https:\/\/archive.sana.sy\/es\/index.php?rest_route=\/wp\/v2\/users\/34"}],"replies":[{"embeddable":true,"href":"https:\/\/archive.sana.sy\/es\/index.php?rest_route=%2Fwp%2Fv2%2Fcomments&post=259420"}],"version-history":[{"count":0,"href":"https:\/\/archive.sana.sy\/es\/index.php?rest_route=\/wp\/v2\/posts\/259420\/revisions"}],"wp:featuredmedia":[{"embeddable":true,"href":"https:\/\/archive.sana.sy\/es\/index.php?rest_route=\/wp\/v2\/media\/259421"}],"wp:attachment":[{"href":"https:\/\/archive.sana.sy\/es\/index.php?rest_route=%2Fwp%2Fv2%2Fmedia&parent=259420"}],"wp:term":[{"taxonomy":"category","embeddable":true,"href":"https:\/\/archive.sana.sy\/es\/index.php?rest_route=%2Fwp%2Fv2%2Fcategories&post=259420"},{"taxonomy":"post_tag","embeddable":true,"href":"https:\/\/archive.sana.sy\/es\/index.php?rest_route=%2Fwp%2Fv2%2Ftags&post=259420"}],"curies":[{"name":"wp","href":"https:\/\/api.w.org\/{rel}","templated":true}]}}