{"id":25945,"date":"2015-07-01T22:32:14","date_gmt":"2015-07-01T19:32:14","guid":{"rendered":"http:\/\/sana.sy\/es\/?p=25945"},"modified":"2023-01-09T14:10:00","modified_gmt":"2023-01-09T12:10:00","slug":"un-muerto-deja-ataque-terrorista-en-hama","status":"publish","type":"post","link":"https:\/\/archive.sana.sy\/es\/?p=25945","title":{"rendered":"Un muerto deja ataque terrorista en Hama"},"content":{"rendered":"<p><span style=\"color: #800000\">Hama-SANA<\/span><\/p>\n<p style=\"text-align: justify\">Una persona perdi\u00f3 la vida este mi\u00e9rcoles en un presunto ataque terrorista en la ciudad de Hama.<\/p>\n<p style=\"text-align: justify\">Una fuente del Comando de la Polic\u00eda le inform\u00f3 a SANA que los terroristas colocaron un artefacto explosivo improvisado en la carretera principal que une Hama con la ciudad de Salamiyah, causando la muerte de un civil y grandes da\u00f1os materiales.<\/p>\n<p style=\"text-align: justify\">Conviene mencionar que, Salamiyah es una ciudad y un distrito en el oeste de Siria, pertenece a la gobernaci\u00f3n de Hama. Se encuentra a 33 kil\u00f3metros al sureste de Hama y a 45 kil\u00f3metros de Homs.<\/p>\n<p>M.Miri<\/p>\n","protected":false},"excerpt":{"rendered":"<p>Hama-SANA Una persona perdi\u00f3 la vida este mi\u00e9rcoles en un presunto ataque terrorista en la ciudad de Hama. Una fuente del Comando de la Polic\u00eda le inform\u00f3 a SANA que los terroristas colocaron un artefacto explosivo improvisado en la carretera principal que une Hama con la ciudad de Salamiyah, causando la muerte de un civil &hellip;<\/p>\n","protected":false},"author":1,"featured_media":25946,"comment_status":"closed","ping_status":"closed","sticky":false,"template":"","format":"standard","meta":{"footnotes":""},"categories":[477,573,476],"tags":[5820],"class_list":["post-25945","post","type-post","status-publish","format-standard","has-post-thumbnail","","category-noticias-edulcorantes","category-la-realidad-de-los-acontecimientos-en-siria","category-locales","tag-un-muerto-deja-ataque-terrorista-en-hama"],"_links":{"self":[{"href":"https:\/\/archive.sana.sy\/es\/index.php?rest_route=\/wp\/v2\/posts\/25945"}],"collection":[{"href":"https:\/\/archive.sana.sy\/es\/index.php?rest_route=\/wp\/v2\/posts"}],"about":[{"href":"https:\/\/archive.sana.sy\/es\/index.php?rest_route=\/wp\/v2\/types\/post"}],"author":[{"embeddable":true,"href":"https:\/\/archive.sana.sy\/es\/index.php?rest_route=\/wp\/v2\/users\/1"}],"replies":[{"embeddable":true,"href":"https:\/\/archive.sana.sy\/es\/index.php?rest_route=%2Fwp%2Fv2%2Fcomments&post=25945"}],"version-history":[{"count":0,"href":"https:\/\/archive.sana.sy\/es\/index.php?rest_route=\/wp\/v2\/posts\/25945\/revisions"}],"wp:featuredmedia":[{"embeddable":true,"href":"https:\/\/archive.sana.sy\/es\/index.php?rest_route=\/wp\/v2\/media\/25946"}],"wp:attachment":[{"href":"https:\/\/archive.sana.sy\/es\/index.php?rest_route=%2Fwp%2Fv2%2Fmedia&parent=25945"}],"wp:term":[{"taxonomy":"category","embeddable":true,"href":"https:\/\/archive.sana.sy\/es\/index.php?rest_route=%2Fwp%2Fv2%2Fcategories&post=25945"},{"taxonomy":"post_tag","embeddable":true,"href":"https:\/\/archive.sana.sy\/es\/index.php?rest_route=%2Fwp%2Fv2%2Ftags&post=25945"}],"curies":[{"name":"wp","href":"https:\/\/api.w.org\/{rel}","templated":true}]}}