{"id":25955,"date":"2015-07-02T12:29:43","date_gmt":"2015-07-02T09:29:43","guid":{"rendered":"http:\/\/sana.sy\/es\/?p=25955"},"modified":"2015-07-02T12:29:43","modified_gmt":"2015-07-02T09:29:43","slug":"ejercito-yemeni-ataca-a-una-posicion-militar-saudi-en-la-zona-de-dahran","status":"publish","type":"post","link":"https:\/\/archive.sana.sy\/es\/?p=25955","title":{"rendered":"Ej\u00e9rcito yemen\u00ed ataca a una posici\u00f3n militar saud\u00ed en la zona de Dahran"},"content":{"rendered":"<div><span lang=\"ES-TRAD\" style=\"color: #ff0000\">San\u00e1, SANA<\/span><\/div>\n<div><\/div>\n<div><span lang=\"ES-TRAD\">En respuesta a la continua agresi\u00f3n de Arabia Saudita contra Yemen, fuerzas conjuntas del ej\u00e9rcito yemen\u00ed y de los comit\u00e9s populares atacaron a un sitio militar del r\u00e9gimen saud\u00ed en la zona Daharan en el sur del pa\u00eds,<\/span><\/div>\n<div><\/div>\n<div><span lang=\"ES-TRAD\">Una fuente militar en el ej\u00e9rcito yemen\u00ed dijo que &#8220;el ej\u00e9rcito y los comit\u00e9s populares irrumpieron en un sitio militar saud\u00ed donde destruyeron a un blindado y varios veh\u00edculos militares.<\/span><\/div>\n<div><\/div>\n<div><span lang=\"ES-TRAD\">Por otro lado, tropas del ej\u00e9rcito y los comit\u00e9s populares liquidaron a un n\u00famero de miembros de al-Qaeda, entre ellos un cabecilla en Ad\u00e9n, en el sur de Yemen.<\/span><\/div>\n<div><\/div>\n<div><span lang=\"ES-TRAD\">Mientras tanto, se produjeron tres explosiones en la ciudad yemen\u00ed de Damar, sin que se registren v\u00edctimas.<\/span><\/div>\n<div><\/div>\n<div><span lang=\"ES-TRAD\">ONU declara el nivel m\u00e1s alto de emergencia humanitaria en Yemen<\/span><\/div>\n<div><span lang=\"ES-TRAD\">\u00a0\u00a0<\/span><\/div>\n<div><span lang=\"ES-TRAD\">La Organizaci\u00f3n de las Naciones Unidas (ONU) ha declarado este mi\u00e9rcoles el m\u00e1ximo nivel de emergencia humanitaria en Yemen.<\/span><\/div>\n<div><\/div>\n<div><span lang=\"ES-TRAD\">Durante una reuni\u00f3n de autoridades de agencias humanitarias de la ONU, encabezada por el subsecretario general de Asuntos Humanitarios de Naciones Unidas, Stephen O&#8217;Brien, los participantes revisaron la situaci\u00f3n actual de Yemen y decidieron declarar el \u201cNivel 3\u201d de emergencia humanitaria en este pa\u00eds \u00e1rabe.<\/span><\/div>\n<div><span lang=\"ES-TRAD\">\u00a0<\/span><\/div>\n<div><span lang=\"ES-TRAD\">Por otra parte, el portavoz de la Organizaci\u00f3n de las Naciones Unidas, Farhan Haq, ha elevado la cifra de v\u00edctimas yemen\u00edes a causa de la agresi\u00f3n saud\u00ed a 3083 muertos y 14.324 heridos.<\/span><\/div>\n<div><\/div>\n<div><span style=\"color: #00ccff\">Fady M., Hala B.<\/span><\/div>\n","protected":false},"excerpt":{"rendered":"<p>San\u00e1, SANA En respuesta a la continua agresi\u00f3n de Arabia Saudita contra Yemen, fuerzas conjuntas del ej\u00e9rcito yemen\u00ed y de los comit\u00e9s populares atacaron a un sitio militar del r\u00e9gimen saud\u00ed en la zona Daharan en el sur del pa\u00eds, Una fuente militar en el ej\u00e9rcito yemen\u00ed dijo que &#8220;el ej\u00e9rcito y los comit\u00e9s populares &hellip;<\/p>\n","protected":false},"author":1,"featured_media":25956,"comment_status":"closed","ping_status":"closed","sticky":false,"template":"","format":"standard","meta":{"footnotes":""},"categories":[456,576],"tags":[5823],"class_list":["post-25955","post","type-post","status-publish","format-standard","has-post-thumbnail","","category-arabe-internacional-politica","category-noticias-politicas","tag-ejercito-yemeni-ataca-a-una-posicion-militar-saudi-en-la-zona-de-dahran"],"_links":{"self":[{"href":"https:\/\/archive.sana.sy\/es\/index.php?rest_route=\/wp\/v2\/posts\/25955"}],"collection":[{"href":"https:\/\/archive.sana.sy\/es\/index.php?rest_route=\/wp\/v2\/posts"}],"about":[{"href":"https:\/\/archive.sana.sy\/es\/index.php?rest_route=\/wp\/v2\/types\/post"}],"author":[{"embeddable":true,"href":"https:\/\/archive.sana.sy\/es\/index.php?rest_route=\/wp\/v2\/users\/1"}],"replies":[{"embeddable":true,"href":"https:\/\/archive.sana.sy\/es\/index.php?rest_route=%2Fwp%2Fv2%2Fcomments&post=25955"}],"version-history":[{"count":0,"href":"https:\/\/archive.sana.sy\/es\/index.php?rest_route=\/wp\/v2\/posts\/25955\/revisions"}],"wp:featuredmedia":[{"embeddable":true,"href":"https:\/\/archive.sana.sy\/es\/index.php?rest_route=\/wp\/v2\/media\/25956"}],"wp:attachment":[{"href":"https:\/\/archive.sana.sy\/es\/index.php?rest_route=%2Fwp%2Fv2%2Fmedia&parent=25955"}],"wp:term":[{"taxonomy":"category","embeddable":true,"href":"https:\/\/archive.sana.sy\/es\/index.php?rest_route=%2Fwp%2Fv2%2Fcategories&post=25955"},{"taxonomy":"post_tag","embeddable":true,"href":"https:\/\/archive.sana.sy\/es\/index.php?rest_route=%2Fwp%2Fv2%2Ftags&post=25955"}],"curies":[{"name":"wp","href":"https:\/\/api.w.org\/{rel}","templated":true}]}}