{"id":25958,"date":"2015-07-02T12:35:29","date_gmt":"2015-07-02T09:35:29","guid":{"rendered":"http:\/\/sana.sy\/es\/?p=25958"},"modified":"2015-07-02T12:35:29","modified_gmt":"2015-07-02T09:35:29","slug":"ee-uu-y-cuba-deciden-reanudar-las-relaciones-diplomaticas","status":"publish","type":"post","link":"https:\/\/archive.sana.sy\/es\/?p=25958","title":{"rendered":"EE.UU. y Cuba deciden reanudar las relaciones diplom\u00e1ticas"},"content":{"rendered":"<div><span lang=\"ES-TRAD\" style=\"color: #ff0000\">Washington, SANA<\/span><\/div>\n<div><\/div>\n<div><span lang=\"ES-TRAD\">Estados Unidos y Cuba han decidido reanudar las relaciones diplom\u00e1ticas y abrir paso hacia una nueva era guiada por la intenci\u00f3n rec\u00edproca de desarrollar relaciones respetuosas y de cooperaci\u00f3n entre ambos pueblos y gobiernos.<\/span><\/div>\n<div><\/div>\n<div><span lang=\"ES-TRAD\">Seg\u00fan inform\u00f3 la agencia cubana &#8220;Prensa Latina&#8221;, el presidente cubano, Ra\u00fal Castro, y su hom\u00f3logo estadounidense, Barack Obama, intercambiaron cartas en las que expresaron su decisi\u00f3n de reabrir las sedes diplom\u00e1ticas el 20 de julio pr\u00f3ximo y restablecer los nexos a ese nivel.<\/span><\/div>\n<div><\/div>\n<div><span lang=\"ES-TRAD\">Durante una alocuci\u00f3n en Washington, Obama pidi\u00f3 al Congreso levantar las sanciones unilaterales impuestas contra Cuba desde hace m\u00e1s de medio siglo, al reafirmar que esa pol\u00edtica de aislamiento fracas\u00f3 y fue contraproducente para Estados Unidos.<\/span><\/div>\n<div><\/div>\n<div><span lang=\"ES-TRAD\">Cuba, por su parte, precis\u00f3 que culmina as\u00ed &#8220;la primera etapa de lo que ser\u00e1 un largo y complejo proceso hacia la normalizaci\u00f3n de los v\u00ednculos bilaterales, como parte del cual habr\u00e1 que solucionar un grupo de asuntos derivados de pol\u00edticas del pasado, a\u00fan vigentes, que afectan al pueblo y a la naci\u00f3n cubana&#8221;.<\/span><\/div>\n<div><\/div>\n<div><span lang=\"ES-TRAD\">En una declaraci\u00f3n, reiter\u00f3 que el principal obst\u00e1culo sigue siendo el bloqueo econ\u00f3mico, comercial y financiero que Washington mantiene contra La Habana desde 1962.<\/span><\/div>\n<div><\/div>\n<div><span lang=\"ES-TRAD\">Para alcanzar la normalizaci\u00f3n ser\u00e1 indispensable tambi\u00e9n devolver el territorio ilegalmente ocupado por la Base Naval en Guant\u00e1namo, cesar las transmisiones radiales y televisivas con car\u00e1cter subversivo hacia Cuba, eliminar los programas dirigidos a promover la desestabilizaci\u00f3n interna, y compensar al pueblo cubano por los da\u00f1os humanos y econ\u00f3micos provocados por las pol\u00edticas de Estados Unidos, a\u00f1adi\u00f3.<\/span><\/div>\n<div><\/div>\n<div><span style=\"color: #00ccff\">Fady M., \u00a0Hala B.<\/span><\/div>\n<div class=\"yj6qo ajU\">\n<div id=\":wb\" class=\"ajR\"><img decoding=\"async\" class=\"ajT\" src=\"https:\/\/ssl.gstatic.com\/ui\/v1\/icons\/mail\/images\/cleardot.gif\" alt=\"\" \/><\/div>\n<\/div>\n","protected":false},"excerpt":{"rendered":"<p>Washington, SANA Estados Unidos y Cuba han decidido reanudar las relaciones diplom\u00e1ticas y abrir paso hacia una nueva era guiada por la intenci\u00f3n rec\u00edproca de desarrollar relaciones respetuosas y de cooperaci\u00f3n entre ambos pueblos y gobiernos. Seg\u00fan inform\u00f3 la agencia cubana &#8220;Prensa Latina&#8221;, el presidente cubano, Ra\u00fal Castro, y su hom\u00f3logo estadounidense, Barack Obama, intercambiaron &hellip;<\/p>\n","protected":false},"author":1,"featured_media":25959,"comment_status":"closed","ping_status":"closed","sticky":false,"template":"","format":"standard","meta":{"footnotes":""},"categories":[456,576],"tags":[5824],"class_list":["post-25958","post","type-post","status-publish","format-standard","has-post-thumbnail","","category-arabe-internacional-politica","category-noticias-politicas","tag-ee-uu-y-cuba-deciden-reanudar-las-relaciones-diplomaticas"],"_links":{"self":[{"href":"https:\/\/archive.sana.sy\/es\/index.php?rest_route=\/wp\/v2\/posts\/25958"}],"collection":[{"href":"https:\/\/archive.sana.sy\/es\/index.php?rest_route=\/wp\/v2\/posts"}],"about":[{"href":"https:\/\/archive.sana.sy\/es\/index.php?rest_route=\/wp\/v2\/types\/post"}],"author":[{"embeddable":true,"href":"https:\/\/archive.sana.sy\/es\/index.php?rest_route=\/wp\/v2\/users\/1"}],"replies":[{"embeddable":true,"href":"https:\/\/archive.sana.sy\/es\/index.php?rest_route=%2Fwp%2Fv2%2Fcomments&post=25958"}],"version-history":[{"count":0,"href":"https:\/\/archive.sana.sy\/es\/index.php?rest_route=\/wp\/v2\/posts\/25958\/revisions"}],"wp:featuredmedia":[{"embeddable":true,"href":"https:\/\/archive.sana.sy\/es\/index.php?rest_route=\/wp\/v2\/media\/25959"}],"wp:attachment":[{"href":"https:\/\/archive.sana.sy\/es\/index.php?rest_route=%2Fwp%2Fv2%2Fmedia&parent=25958"}],"wp:term":[{"taxonomy":"category","embeddable":true,"href":"https:\/\/archive.sana.sy\/es\/index.php?rest_route=%2Fwp%2Fv2%2Fcategories&post=25958"},{"taxonomy":"post_tag","embeddable":true,"href":"https:\/\/archive.sana.sy\/es\/index.php?rest_route=%2Fwp%2Fv2%2Ftags&post=25958"}],"curies":[{"name":"wp","href":"https:\/\/api.w.org\/{rel}","templated":true}]}}