{"id":25965,"date":"2015-07-02T18:59:12","date_gmt":"2015-07-02T15:59:12","guid":{"rendered":"http:\/\/sana.sy\/es\/?p=25965"},"modified":"2015-07-02T19:04:48","modified_gmt":"2015-07-02T16:04:48","slug":"broyerdi-washington-ha-creado-al-ei-para-combatir-al-eje-de-la-resistencia","status":"publish","type":"post","link":"https:\/\/archive.sana.sy\/es\/?p=25965","title":{"rendered":"Broyerdi: Washington ha creado al EI para combatir al eje de la resistencia"},"content":{"rendered":"<div><span lang=\"ES-TRAD\" style=\"color: #ff0000\">Teher\u00e1n, SANA<\/span><\/div>\n<div><\/div>\n<div><span lang=\"ES-TRAD\">El presidente del Comit\u00e9 de Seguridad Nacional y Pol\u00edtica Exterior en el Consejo de Shura iran\u00ed, Alladin Broyerdi, afirm\u00f3 que Estados Unidos ha creado a la organizaci\u00f3n terrorista takfirista del Estado Isl\u00e1mico para reforzar sus intervenciones en la regi\u00f3n con el fin de luchar y estar en contra la eje de la resistencia y debilitarle.<\/span><\/div>\n<div><\/div>\n<div><span lang=\"ES-TRAD\">Broyerdi se\u00f1al\u00f3 en una declaraci\u00f3n a la prensa que miles de europeos juntaron a dicha organizaci\u00f3n, haciendo hincapi\u00e9 a que el peligro terrorista llegar\u00e1 tambi\u00e9n a los estados europeos.<\/span><\/div>\n<div><\/div>\n<div><span lang=\"ES-TRAD\">El diplom\u00e1tico iran\u00ed a\u00f1adi\u00f3 que el r\u00e9gimen saud\u00ed cometi\u00f3 un gran error al empezar una guerra contra el Yemen, teniendo en cuenta que este crimen revel\u00f3 la figura real de este r\u00e9gimen frente al mundo especialmente ante el mundo musulm\u00e1n.<\/span><\/div>\n<div><\/div>\n<div><span style=\"color: #00ccff\">Hala B., Fady M.<\/span><\/div>\n","protected":false},"excerpt":{"rendered":"<p>Teher\u00e1n, SANA El presidente del Comit\u00e9 de Seguridad Nacional y Pol\u00edtica Exterior en el Consejo de Shura iran\u00ed, Alladin Broyerdi, afirm\u00f3 que Estados Unidos ha creado a la organizaci\u00f3n terrorista takfirista del Estado Isl\u00e1mico para reforzar sus intervenciones en la regi\u00f3n con el fin de luchar y estar en contra la eje de la resistencia &hellip;<\/p>\n","protected":false},"author":1,"featured_media":25966,"comment_status":"closed","ping_status":"closed","sticky":false,"template":"","format":"standard","meta":{"footnotes":""},"categories":[456,576],"tags":[5828],"class_list":["post-25965","post","type-post","status-publish","format-standard","has-post-thumbnail","","category-arabe-internacional-politica","category-noticias-politicas","tag-broyerdi-washington-ha-creado-al-ei-para-combatir-al-eje-de-la-resistencia"],"_links":{"self":[{"href":"https:\/\/archive.sana.sy\/es\/index.php?rest_route=\/wp\/v2\/posts\/25965"}],"collection":[{"href":"https:\/\/archive.sana.sy\/es\/index.php?rest_route=\/wp\/v2\/posts"}],"about":[{"href":"https:\/\/archive.sana.sy\/es\/index.php?rest_route=\/wp\/v2\/types\/post"}],"author":[{"embeddable":true,"href":"https:\/\/archive.sana.sy\/es\/index.php?rest_route=\/wp\/v2\/users\/1"}],"replies":[{"embeddable":true,"href":"https:\/\/archive.sana.sy\/es\/index.php?rest_route=%2Fwp%2Fv2%2Fcomments&post=25965"}],"version-history":[{"count":0,"href":"https:\/\/archive.sana.sy\/es\/index.php?rest_route=\/wp\/v2\/posts\/25965\/revisions"}],"wp:featuredmedia":[{"embeddable":true,"href":"https:\/\/archive.sana.sy\/es\/index.php?rest_route=\/wp\/v2\/media\/25966"}],"wp:attachment":[{"href":"https:\/\/archive.sana.sy\/es\/index.php?rest_route=%2Fwp%2Fv2%2Fmedia&parent=25965"}],"wp:term":[{"taxonomy":"category","embeddable":true,"href":"https:\/\/archive.sana.sy\/es\/index.php?rest_route=%2Fwp%2Fv2%2Fcategories&post=25965"},{"taxonomy":"post_tag","embeddable":true,"href":"https:\/\/archive.sana.sy\/es\/index.php?rest_route=%2Fwp%2Fv2%2Ftags&post=25965"}],"curies":[{"name":"wp","href":"https:\/\/api.w.org\/{rel}","templated":true}]}}