{"id":25968,"date":"2015-07-02T15:38:03","date_gmt":"2015-07-02T12:38:03","guid":{"rendered":"http:\/\/sana.sy\/es\/?p=25968"},"modified":"2015-07-02T15:38:03","modified_gmt":"2015-07-02T12:38:03","slug":"roma-afirma-que-70-italianos-se-han-unido-a-los-terroristas-en-siria-e-iraq","status":"publish","type":"post","link":"https:\/\/archive.sana.sy\/es\/?p=25968","title":{"rendered":"Roma afirma que 70 italianos se han unido a los terroristas en Siria e Iraq"},"content":{"rendered":"<div><span lang=\"ES\" style=\"color: #ff0000\">Roma, SANA<\/span><\/div>\n<div><\/div>\n<div><span lang=\"ES\">La Direcci\u00f3n antiterrorista italiana afirm\u00f3 que 70 italianos se juntaron a las filas de los grupos terroristas que combaten en Siria e Iraq.<\/span><\/div>\n<div><\/div>\n<div><span lang=\"ES\">La agencia de noticias AQUI cit\u00f3 a la direcci\u00f3n declarando en un informe al parlamento italiano que el fen\u00f3meno de los combatientes extranjeros en los \u00faltimos meses ha adquirido una nueva dimensi\u00f3n, pero en cuanto a la contrataci\u00f3n de los combatientes a trav\u00e9s del Internet parece que hay una amenaza real y creciente en el mundo electr\u00f3nico que consiste en la existencia de centros de reclutamiento para preparar nuevos terroristas.<\/span><\/div>\n<div><\/div>\n<div><span lang=\"ES\">La polic\u00eda antiterrorista italiana hab\u00eda detenido el mi\u00e9rcoles a 10 personas que se iban a dirigir hacia Siria y unirse a los terroristas all\u00ed.<\/span><\/div>\n<div><\/div>\n<div><span lang=\"ES\">El Ministro de interior italiano, Angelino Alfato, revel\u00f3 en\u00a0 el pasado diciembre que su pa\u00eds tiene una lista con m\u00e1s de cien personas favorables al terrorismo y que est\u00e1n bajo de vigilancia.<\/span><\/div>\n<div><\/div>\n<div><span style=\"color: #00ccff\">Hala B., Fady M.<\/span><\/div>\n<div class=\"yj6qo ajU\">\n<div id=\":ws\" class=\"ajR\"><img decoding=\"async\" class=\"ajT\" src=\"https:\/\/ssl.gstatic.com\/ui\/v1\/icons\/mail\/images\/cleardot.gif\" alt=\"\" \/><\/div>\n<\/div>\n","protected":false},"excerpt":{"rendered":"<p>Roma, SANA La Direcci\u00f3n antiterrorista italiana afirm\u00f3 que 70 italianos se juntaron a las filas de los grupos terroristas que combaten en Siria e Iraq. La agencia de noticias AQUI cit\u00f3 a la direcci\u00f3n declarando en un informe al parlamento italiano que el fen\u00f3meno de los combatientes extranjeros en los \u00faltimos meses ha adquirido una &hellip;<\/p>\n","protected":false},"author":1,"featured_media":25969,"comment_status":"closed","ping_status":"closed","sticky":false,"template":"","format":"standard","meta":{"footnotes":""},"categories":[456,576],"tags":[5829],"class_list":["post-25968","post","type-post","status-publish","format-standard","has-post-thumbnail","","category-arabe-internacional-politica","category-noticias-politicas","tag-roma-afirma-que-70-italianos-se-han-unido-a-los-terroristas-en-siria-e-iraq"],"_links":{"self":[{"href":"https:\/\/archive.sana.sy\/es\/index.php?rest_route=\/wp\/v2\/posts\/25968"}],"collection":[{"href":"https:\/\/archive.sana.sy\/es\/index.php?rest_route=\/wp\/v2\/posts"}],"about":[{"href":"https:\/\/archive.sana.sy\/es\/index.php?rest_route=\/wp\/v2\/types\/post"}],"author":[{"embeddable":true,"href":"https:\/\/archive.sana.sy\/es\/index.php?rest_route=\/wp\/v2\/users\/1"}],"replies":[{"embeddable":true,"href":"https:\/\/archive.sana.sy\/es\/index.php?rest_route=%2Fwp%2Fv2%2Fcomments&post=25968"}],"version-history":[{"count":0,"href":"https:\/\/archive.sana.sy\/es\/index.php?rest_route=\/wp\/v2\/posts\/25968\/revisions"}],"wp:featuredmedia":[{"embeddable":true,"href":"https:\/\/archive.sana.sy\/es\/index.php?rest_route=\/wp\/v2\/media\/25969"}],"wp:attachment":[{"href":"https:\/\/archive.sana.sy\/es\/index.php?rest_route=%2Fwp%2Fv2%2Fmedia&parent=25968"}],"wp:term":[{"taxonomy":"category","embeddable":true,"href":"https:\/\/archive.sana.sy\/es\/index.php?rest_route=%2Fwp%2Fv2%2Fcategories&post=25968"},{"taxonomy":"post_tag","embeddable":true,"href":"https:\/\/archive.sana.sy\/es\/index.php?rest_route=%2Fwp%2Fv2%2Ftags&post=25968"}],"curies":[{"name":"wp","href":"https:\/\/api.w.org\/{rel}","templated":true}]}}