{"id":25971,"date":"2015-07-02T15:48:14","date_gmt":"2015-07-02T12:48:14","guid":{"rendered":"http:\/\/sana.sy\/es\/?p=25971"},"modified":"2015-07-02T15:48:14","modified_gmt":"2015-07-02T12:48:14","slug":"fuerzas-iraquies-recuperan-el-control-a-varias-zonas-en-faluja","status":"publish","type":"post","link":"https:\/\/archive.sana.sy\/es\/?p=25971","title":{"rendered":"Fuerzas iraqu\u00edes recuperan el control a varias zonas en Faluja"},"content":{"rendered":"<div><span lang=\"ES\" style=\"color: #ff0000\">Bagdad, SANA<\/span><\/div>\n<div><\/div>\n<div><span lang=\"ES\">El comandante de la Fuerzas Popular en la en la provincia iraqu\u00ed del Anbar, Mohamad Al Yamili, afirm\u00f3 que una fuerza iraqu\u00ed elimin\u00f3 a varios terroristas en la regi\u00f3n de Hitaein al sur de la ciudad del Faluja.<\/span><\/div>\n<div><\/div>\n<div><span lang=\"ES\">Al Yamili a\u00f1adi\u00f3 que las fuerzas continuaron sus avances en las zonas de Ersan y Khadir, al sureste de la ciudad de Faluja.<\/span><\/div>\n<div><\/div>\n<div><span lang=\"ES\">Por su parte, el portavoz de la Fuerza Popular, Ahmad Asadi, dijo durante una conferencia de prensa que se est\u00e1n efectuando preparativos para una operaci\u00f3n grande para liberar a la ciudad del Faluja de los terroristas de EL.<\/span><\/div>\n<div><\/div>\n<div><span lang=\"ES\">Asimismo, numerosos terroristas resultaron entre muertos y heridos en las zonas de Kadaa Biji, al sur del Faluja, a manos de las fuerzas iraqu\u00edes, seg\u00fan una\u00a0 declaraci\u00f3n.<\/span><\/div>\n<div><span lang=\"ES\">Por otro lado, las fuerzas a\u00e9reas iraqu\u00edes dirigieron fuertes golpes a sedes de los terroristas de lEL en la regi\u00f3n del Nayemya al sureste de la ciudad del Faluja, dejando muertos a decenas de los terroristas.<\/span><\/div>\n<div><\/div>\n<div><span style=\"color: #00ccff\">Hala B., Fady M.<\/span><\/div>\n<div class=\"yj6qo ajU\">\n<div id=\":15d\" class=\"ajR\"><span style=\"color: #00ccff\"><img decoding=\"async\" class=\"ajT\" src=\"https:\/\/ssl.gstatic.com\/ui\/v1\/icons\/mail\/images\/cleardot.gif\" alt=\"\" \/><\/span><\/div>\n<\/div>\n","protected":false},"excerpt":{"rendered":"<p>Bagdad, SANA El comandante de la Fuerzas Popular en la en la provincia iraqu\u00ed del Anbar, Mohamad Al Yamili, afirm\u00f3 que una fuerza iraqu\u00ed elimin\u00f3 a varios terroristas en la regi\u00f3n de Hitaein al sur de la ciudad del Faluja. Al Yamili a\u00f1adi\u00f3 que las fuerzas continuaron sus avances en las zonas de Ersan y &hellip;<\/p>\n","protected":false},"author":1,"featured_media":25972,"comment_status":"closed","ping_status":"closed","sticky":false,"template":"","format":"standard","meta":{"footnotes":""},"categories":[456,576],"tags":[],"class_list":["post-25971","post","type-post","status-publish","format-standard","has-post-thumbnail","","category-arabe-internacional-politica","category-noticias-politicas"],"_links":{"self":[{"href":"https:\/\/archive.sana.sy\/es\/index.php?rest_route=\/wp\/v2\/posts\/25971"}],"collection":[{"href":"https:\/\/archive.sana.sy\/es\/index.php?rest_route=\/wp\/v2\/posts"}],"about":[{"href":"https:\/\/archive.sana.sy\/es\/index.php?rest_route=\/wp\/v2\/types\/post"}],"author":[{"embeddable":true,"href":"https:\/\/archive.sana.sy\/es\/index.php?rest_route=\/wp\/v2\/users\/1"}],"replies":[{"embeddable":true,"href":"https:\/\/archive.sana.sy\/es\/index.php?rest_route=%2Fwp%2Fv2%2Fcomments&post=25971"}],"version-history":[{"count":0,"href":"https:\/\/archive.sana.sy\/es\/index.php?rest_route=\/wp\/v2\/posts\/25971\/revisions"}],"wp:featuredmedia":[{"embeddable":true,"href":"https:\/\/archive.sana.sy\/es\/index.php?rest_route=\/wp\/v2\/media\/25972"}],"wp:attachment":[{"href":"https:\/\/archive.sana.sy\/es\/index.php?rest_route=%2Fwp%2Fv2%2Fmedia&parent=25971"}],"wp:term":[{"taxonomy":"category","embeddable":true,"href":"https:\/\/archive.sana.sy\/es\/index.php?rest_route=%2Fwp%2Fv2%2Fcategories&post=25971"},{"taxonomy":"post_tag","embeddable":true,"href":"https:\/\/archive.sana.sy\/es\/index.php?rest_route=%2Fwp%2Fv2%2Ftags&post=25971"}],"curies":[{"name":"wp","href":"https:\/\/api.w.org\/{rel}","templated":true}]}}