{"id":259710,"date":"2022-10-29T08:38:55","date_gmt":"2022-10-29T06:38:55","guid":{"rendered":"http:\/\/107.6.182.27\/es\/?p=259710"},"modified":"2023-01-10T15:51:06","modified_gmt":"2023-01-10T13:51:06","slug":"sunak-la-ultima-esperanza-de-los-conservadores-britanicos","status":"publish","type":"post","link":"https:\/\/archive.sana.sy\/es\/?p=259710","title":{"rendered":"Sunak, la \u00faltima esperanza de los conservadores brit\u00e1nicos"},"content":{"rendered":"<blockquote><p><strong><span style=\"color: #800000;\">En su primer discurso a la naci\u00f3n tras asumir formalmente el cargo el 25 de octubre, el tercer primer ministro conservador que tienen los brit\u00e1nicos en las \u00faltimas siete semanas prometi\u00f3 gobernar con integridad, profesionalidad y responsabilidad, pero en su fuero interno debe estar convencido de que tiene en sus manos la cl\u00e1sica \u201cpapa caliente\u201d.<\/span><\/strong><\/p>\n<p><strong><span style=\"color: #800000;\">Sunak hereda una situaci\u00f3n econ\u00f3mica muy mala, y hasta se puede decir que no es muy diferente a la existente inmediatamente despu\u00e9s de la Segunda Guerra Mundial.<\/span><\/strong><\/p><\/blockquote>\n<p style=\"text-align: justify;\"><strong>Damasco, 29 oct (SANA)\u00a0 \u00a0<\/strong> Prueba de ello fue su proclamaci\u00f3n expedita como nuevo l\u00edder del partido, en sustituci\u00f3n de la dimitente Liz Truss, lo que su a vez le abri\u00f3 la famosa puerta marcada con el n\u00famero 10 de Downing Street, la residencia oficial de los gobernantes del Reino Unido.<\/p>\n<p style=\"text-align: justify;\">De finalista contra Truss en las elecciones internas celebradas en agosto pasado para escoger al reemplazo del tambi\u00e9n dimisionario Boris Johnson, Sunak pas\u00f3 ahora a ser el \u00fanico nominado por sus correligionarios en la C\u00e1mara de los Comunes para ocupar la vacante, con lo cual el concurso de liderazgo se convirti\u00f3 de hecho en una \u2018coronaci\u00f3n\u2019.<\/p>\n<p style=\"text-align: justify;\">En su primer discurso a la naci\u00f3n tras asumir formalmente el cargo el 25 de octubre, el tercer primer ministro conservador que tienen los brit\u00e1nicos en las \u00faltimas siete semanas prometi\u00f3 gobernar con integridad, profesionalidad y responsabilidad, pero en su fuero interno debe estar convencido de que tiene en sus manos la cl\u00e1sica \u201cpapa caliente\u201d.<\/p>\n<p style=\"text-align: justify;\">Sunak hereda una situaci\u00f3n econ\u00f3mica muy mala, y hasta se puede decir que no es muy diferente a la existente inmediatamente despu\u00e9s de la Segunda Guerra Mundial, coment\u00f3 a Prensa Latina el profesor de Econom\u00eda Pol\u00edtica de la Universidad de la Ciudad de Birmingham Steven McCabe.<\/p>\n<p style=\"text-align: justify;\">De acuerdo con el especialista, el nuevo gobernante deber\u00e1 lidiar con una inflaci\u00f3n de dos d\u00edgitos y una recesi\u00f3n que se antoja cada vez m\u00e1s cierta, lo que inevitablemente redundar\u00e1 en un incremento de las tasas de inter\u00e9s y del desempleo.<\/p>\n<p style=\"text-align: justify;\">Tendr\u00e1 que tomar medidas dr\u00e1sticas y r\u00e1pidas para reparar el da\u00f1o causado por Liz Truss, advirti\u00f3 McCabe, en alusi\u00f3n al caos generado por la pol\u00e9mica rebaja de impuestos anunciada por la primera ministra como parte de su plan econ\u00f3mico para estimular el crecimiento del pa\u00eds, y que a la postre le cost\u00f3 el cargo que ostent\u00f3 durante solo 45 d\u00edas.<\/p>\n<p style=\"text-align: justify;\">ECONOM\u00cdA E IMPUESTOS<br \/>\nCalmar los mercados financieros despu\u00e9s de la tormenta que provoc\u00f3 su predecesora y que oblig\u00f3 incluso a la intervenci\u00f3n del Banco de Inglaterra, y recuperar la credibilidad del Partido Conservador ante el electorado, ser\u00e1n las dos tareas principales de Sunak en el plano dom\u00e9stico.<\/p>\n<p style=\"text-align: justify;\">Por lo pronto, ya admiti\u00f3 que Truss cometi\u00f3 \u201calgunos errores\u201d y prometi\u00f3 enmendarlos, pero su advertencia de que para ello deber\u00e1 tomar \u201cdecisiones dif\u00edciles\u201d podr\u00eda ser sin\u00f3nimo de que se dispone a aplicar una nueva subida de impuestos.<\/p>\n<p style=\"text-align: justify;\">De todas formas, habr\u00e1 que esperar al 17 de noviembre, la nueva fecha prevista para la presentaci\u00f3n del proyecto de presupuesto con el cual pretende encarrilar la econom\u00eda de un pa\u00eds donde seg\u00fan las organizaciones ben\u00e9ficas, millones de personas dependen de los bancos de alimentos, y tienen dificultades para pagar por un servicio de electricidad y gas cada vez m\u00e1s caro.<\/p>\n<p style=\"text-align: justify;\">IRLANDA DEL NORTE<br \/>\nDefensor ferviente del Brexit, el flamante primer ministro todav\u00eda no se pronunci\u00f3 sobre el llamado Protocolo para Irlanda del Norte, que mantiene en ascuas las relaciones entre la Uni\u00f3n Europea (UE) y el Reino Unido desde la salida definitiva de este \u00faltimo del bloque a finales de 2020.<\/p>\n<p style=\"text-align: justify;\">En virtud del acuerdo, esa provincia brit\u00e1nica sigue bajo la jurisdicci\u00f3n del mercado \u00fanico y la uni\u00f3n aduanera europeos, por lo que todas las mercanc\u00edas que se trasiegan desde Gran Breta\u00f1a deben ser sometidas a controles para comprobar si cumplen con las regulaciones del bloque.<\/p>\n<p style=\"text-align: justify;\">El protocolo, dise\u00f1ado para evitar una frontera f\u00edsica con la Rep\u00fablica de Irlanda, que forma parte de la UE, provoca demoras en la llegada de los productos, y es rechazado sobre todo por los unionistas norirlandeses, que lo ven como una amenaza a su posici\u00f3n dentro del Reino Unido.<\/p>\n<p style=\"text-align: justify;\">Para presionar a Londres a que renegocie el mecanismo, el Partido Democr\u00e1tico Unionista (DUP), leal a la Corona brit\u00e1nica, y que perdi\u00f3 las recientes elecciones locales ante el republicano Sinn Fein, se niega formar parte del gobierno local, como establece el acuerdo de paz del Viernes Santo.<\/p>\n<p style=\"text-align: justify;\">Durante su breve mandato, Truss reiter\u00f3 las amenazas de Londres de modificar el acuerdo de forma unilateral, pero a\u00fan est\u00e1 por ver si Sunak, a quien muchos definen como un economista pragm\u00e1tico, se arriesgar\u00e1 a provocar una guerra comercial con Bruselas.<\/p>\n<p style=\"text-align: justify;\">ESCOCIA<\/p>\n<p style=\"text-align: justify;\">La siempre rebelde Escocia podr\u00eda convertirse en otra piedra en el zapato del nuevo gobernante, tras los fuertes vientos independentistas que soplan en ese territorio gobernado desde hace varios a\u00f1os por el Partido Nacional Escoc\u00e9s (SNP)<br \/>\nLa l\u00edder del SNP y jefa del Ejecutivo local, Nicola Sturgeon, mantiene su posici\u00f3n de convocar a un nuevo referendo sobre la independencia para el a\u00f1o pr\u00f3ximo, pese a la negativa de Londres, que da como definitiva, al menos para esta generaci\u00f3n, la consulta de 2014, cuando el 55 por ciento de loes escoceses vot\u00f3 por seguir siendo parte del Reino Unido.<\/p>\n<p style=\"text-align: justify;\">En su defensa, el SNP y dem\u00e1s partidos independentistas alegan que ese resultado qued\u00f3 inhabilitado por el Brexit, porque la mayor\u00eda de los escoceses desea permanecer dentro de la UE, pero fue obligada a abandonar el bloque junto al resto de los brit\u00e1nicos.<\/p>\n<p style=\"text-align: justify;\">Interrogado sobre el particular en su primera comparecencia ante el Parlamento, Sunak adopt\u00f3 la misma postura de sus predecesores en el cargo, y dijo que esa cuesti\u00f3n qued\u00f3 zanjada con el referendo de 2014.<\/p>\n<p style=\"text-align: justify;\">A diferencia de Truss y Johnson, quienes mantuvieron una relaci\u00f3n agria y cortante con Sturgeon, el nuevo gobernante adopt\u00f3 un tono m\u00e1s conciliador y dijo que esperaba poder trabajar de forma constructiva con las autoridades escocesas.<\/p>\n<p style=\"text-align: justify;\">MEDIOAMBIENTE<\/p>\n<p style=\"text-align: justify;\">Una de las primeras decisiones tomadas por el primer ministro apenas asumi\u00f3 el cargo fue restablecer la prohibici\u00f3n sobre el m\u00e9todo de fracturaci\u00f3n hidr\u00e1ulica para extraer petr\u00f3leo y gas de esquisto.<\/p>\n<p style=\"text-align: justify;\">La moratoria sobre el \u2018fracking\u2019 hab\u00eda sido levantada por su predecesora semanas atr\u00e1s, como parte de sus controvertidos planes para incrementar la producci\u00f3n nacional de hidrocarburos y poner fin a la dependencia de las importaciones.<\/p>\n<p style=\"text-align: justify;\">Ese m\u00e9todo de perforaci\u00f3n consistente en inyectar agua y otras sustancias en el subsuelo est\u00e1 bajo escrutinio a nivel mundial por su posible relaci\u00f3n con los terremotos y la contaminaci\u00f3n del manto fre\u00e1tico, por lo que el restablecimiento de la prohibici\u00f3n le gan\u00f3 el aplauso de los ambientalistas y de muchos de sus propios correligionarios.<\/p>\n<p style=\"text-align: justify;\">Est\u00e1 por ver a\u00fan, no obstante, la posici\u00f3n que adoptar\u00e1 respecto al desarrollo de fuentes de energ\u00eda renovable, en especial la fotovoltaica.<\/p>\n<p style=\"text-align: justify;\">UNIDAD PARTIDISTA<\/p>\n<p style=\"text-align: justify;\">Para muchos, sin embargo, el reto principal de Sunak ser\u00e1 unir a los conservadores y restaurar la credibilidad de un partido que tuvo cuatro l\u00edderes desde la dimisi\u00f3n de David Cameron en 2016, y que en los \u00faltimos meses se vio manchado por los esc\u00e1ndalos de Johnson y el ca\u00f3tico mandato de Truss.<\/p>\n<p style=\"text-align: justify;\">Seg\u00fan analistas, su decisi\u00f3n de rodearse de ministros que sirvieron en los gabinetes de su antecesora y de Johnson fue un primer paso en esa direcci\u00f3n.<\/p>\n<p style=\"text-align: justify;\">La reinstalaci\u00f3n de Suella Braverman como ministra del Interior dio lugar, sin embargo, a los primeros cuestionamientos, porque la funcionaria dimiti\u00f3 anteriormente por violar los protocolos de seguridad inherentes a su cargo.<\/p>\n<p style=\"text-align: justify;\">Otra tarea dif\u00edcil para el primer gobernante de ascendencia india que tienen los brit\u00e1nicos ser\u00e1 remontar la ventaja en la intenci\u00f3n de voto que ostentan los laboristas, de cara a las elecciones generales previstas para finales de 2024, pero que la oposici\u00f3n insiste en querer adelantar.<\/p>\n<p>Por N\u00e9stor Mar\u00edn<\/p>\n<p style=\"text-align: justify;\">Fuente: Prensa Latina<\/p>\n","protected":false},"excerpt":{"rendered":"<p>En su primer discurso a la naci\u00f3n tras asumir formalmente el cargo el 25 de octubre, el tercer primer ministro conservador que tienen los brit\u00e1nicos en las \u00faltimas siete semanas prometi\u00f3 gobernar con integridad, profesionalidad y responsabilidad, pero en su fuero interno debe estar convencido de que tiene en sus manos la cl\u00e1sica \u201cpapa caliente\u201d. &hellip;<\/p>\n","protected":false},"author":39,"featured_media":259711,"comment_status":"closed","ping_status":"closed","sticky":false,"template":"","format":"standard","meta":{"footnotes":""},"categories":[16929,597,456,20724,7541],"tags":[],"class_list":["post-259710","post","type-post","status-publish","format-standard","has-post-thumbnail","","category-articulos-de-opinion","category-cinta-de-noticias","category-arabe-internacional-politica","category-minuto-a-minuto","category-ultimas-noticias"],"_links":{"self":[{"href":"https:\/\/archive.sana.sy\/es\/index.php?rest_route=\/wp\/v2\/posts\/259710"}],"collection":[{"href":"https:\/\/archive.sana.sy\/es\/index.php?rest_route=\/wp\/v2\/posts"}],"about":[{"href":"https:\/\/archive.sana.sy\/es\/index.php?rest_route=\/wp\/v2\/types\/post"}],"author":[{"embeddable":true,"href":"https:\/\/archive.sana.sy\/es\/index.php?rest_route=\/wp\/v2\/users\/39"}],"replies":[{"embeddable":true,"href":"https:\/\/archive.sana.sy\/es\/index.php?rest_route=%2Fwp%2Fv2%2Fcomments&post=259710"}],"version-history":[{"count":0,"href":"https:\/\/archive.sana.sy\/es\/index.php?rest_route=\/wp\/v2\/posts\/259710\/revisions"}],"wp:featuredmedia":[{"embeddable":true,"href":"https:\/\/archive.sana.sy\/es\/index.php?rest_route=\/wp\/v2\/media\/259711"}],"wp:attachment":[{"href":"https:\/\/archive.sana.sy\/es\/index.php?rest_route=%2Fwp%2Fv2%2Fmedia&parent=259710"}],"wp:term":[{"taxonomy":"category","embeddable":true,"href":"https:\/\/archive.sana.sy\/es\/index.php?rest_route=%2Fwp%2Fv2%2Fcategories&post=259710"},{"taxonomy":"post_tag","embeddable":true,"href":"https:\/\/archive.sana.sy\/es\/index.php?rest_route=%2Fwp%2Fv2%2Ftags&post=259710"}],"curies":[{"name":"wp","href":"https:\/\/api.w.org\/{rel}","templated":true}]}}