{"id":25974,"date":"2015-07-02T15:53:08","date_gmt":"2015-07-02T12:53:08","guid":{"rendered":"http:\/\/sana.sy\/es\/?p=25974"},"modified":"2015-07-02T15:53:08","modified_gmt":"2015-07-02T12:53:08","slug":"heridos-y-danos-materiales-en-ataques-con-proyectiles-contra-sweida","status":"publish","type":"post","link":"https:\/\/archive.sana.sy\/es\/?p=25974","title":{"rendered":"Heridos y da\u00f1os materiales en ataques con proyectiles contra \u00a0Sweida"},"content":{"rendered":"<div><span lang=\"ES\" style=\"color: #ff0000\">Sweida, SANA<\/span><\/div>\n<div><\/div>\n<div><span lang=\"ES\">Una fuente en la Comandancia de Polic\u00eda en la provincia de Sweida inform\u00f3 que grupos terroristas abrieron fuego y dispararon proyectiles de morteros contra el pueblo de Jeeb.<\/span><\/div>\n<div><\/div>\n<div><span lang=\"ES\">Por otro lado, grupos terroristas quemaron las tierras agr\u00edcolas en la regi\u00f3n del Koukh en el pueblo de Araa, causando dos lesiones.<\/span><\/div>\n<div><\/div>\n<div><span lang=\"ES\">La fuente agreg\u00f3 que grupos de las Fuerza de Defensa Popular con la colaboraci\u00f3n de los ciudadanos, abatieron a numerosos terroristas y destruyeron algunos de sus veh\u00edculos.<\/span><\/div>\n<div><\/div>\n<div><span style=\"color: #00ccff\">Hala B., Fady M.<\/span><\/div>\n","protected":false},"excerpt":{"rendered":"<p>Sweida, SANA Una fuente en la Comandancia de Polic\u00eda en la provincia de Sweida inform\u00f3 que grupos terroristas abrieron fuego y dispararon proyectiles de morteros contra el pueblo de Jeeb. Por otro lado, grupos terroristas quemaron las tierras agr\u00edcolas en la regi\u00f3n del Koukh en el pueblo de Araa, causando dos lesiones. La fuente agreg\u00f3 &hellip;<\/p>\n","protected":false},"author":1,"featured_media":20836,"comment_status":"closed","ping_status":"closed","sticky":false,"template":"","format":"standard","meta":{"footnotes":""},"categories":[477,476],"tags":[5830],"class_list":["post-25974","post","type-post","status-publish","format-standard","has-post-thumbnail","","category-noticias-edulcorantes","category-locales","tag-heridos-y-danos-materiales-en-ataques-con-proyectiles-contra-sweida"],"_links":{"self":[{"href":"https:\/\/archive.sana.sy\/es\/index.php?rest_route=\/wp\/v2\/posts\/25974"}],"collection":[{"href":"https:\/\/archive.sana.sy\/es\/index.php?rest_route=\/wp\/v2\/posts"}],"about":[{"href":"https:\/\/archive.sana.sy\/es\/index.php?rest_route=\/wp\/v2\/types\/post"}],"author":[{"embeddable":true,"href":"https:\/\/archive.sana.sy\/es\/index.php?rest_route=\/wp\/v2\/users\/1"}],"replies":[{"embeddable":true,"href":"https:\/\/archive.sana.sy\/es\/index.php?rest_route=%2Fwp%2Fv2%2Fcomments&post=25974"}],"version-history":[{"count":0,"href":"https:\/\/archive.sana.sy\/es\/index.php?rest_route=\/wp\/v2\/posts\/25974\/revisions"}],"wp:featuredmedia":[{"embeddable":true,"href":"https:\/\/archive.sana.sy\/es\/index.php?rest_route=\/wp\/v2\/media\/20836"}],"wp:attachment":[{"href":"https:\/\/archive.sana.sy\/es\/index.php?rest_route=%2Fwp%2Fv2%2Fmedia&parent=25974"}],"wp:term":[{"taxonomy":"category","embeddable":true,"href":"https:\/\/archive.sana.sy\/es\/index.php?rest_route=%2Fwp%2Fv2%2Fcategories&post=25974"},{"taxonomy":"post_tag","embeddable":true,"href":"https:\/\/archive.sana.sy\/es\/index.php?rest_route=%2Fwp%2Fv2%2Ftags&post=25974"}],"curies":[{"name":"wp","href":"https:\/\/api.w.org\/{rel}","templated":true}]}}