{"id":259820,"date":"2022-10-29T20:19:29","date_gmt":"2022-10-29T18:19:29","guid":{"rendered":"http:\/\/107.6.182.27\/es\/?p=259820"},"modified":"2023-01-10T15:51:04","modified_gmt":"2023-01-10T13:51:04","slug":"el-no-a-eeuu-es-un-signo-de-que-muchos-paises-han-madurado","status":"publish","type":"post","link":"https:\/\/archive.sana.sy\/es\/?p=259820","title":{"rendered":"El &#8220;no&#8221; a EEUU es un signo de que muchos pa\u00edses han madurado"},"content":{"rendered":"<p style=\"text-align: justify;\"><span style=\"color: #800000;\"><strong>Mosc\u00fa, 29 oct (SANA)\u00a0<\/strong><\/span> \u00a0Jia Min, profesor del Instituto de Estudios Financieros Chunyang de la Universidad Popular de China, opin\u00f3 que la capacidad de decir &#8220;no&#8221; a EEUU se convirti\u00f3 en un signo de crecimiento y madurez de los pa\u00edses en la pol\u00edtica internacional.<\/p>\n<p style=\"text-align: justify;\">Min coment\u00f3 el discurso del presidente ruso, Vlad\u00edmir Putin, en una sesi\u00f3n plenaria del Club Vald\u00e1i, en la que el mandatario ruso declar\u00f3 que una serie de Estados estaban negando a EEUU sus demandas, lo que se hab\u00eda convertido en algo habitual, pero que Washington segu\u00eda tratando de presionar a todo el mundo.<\/p>\n<p style=\"text-align: justify;\">Seg\u00fan afirm\u00f3 Jia Min a la agencia Sputnik, &#8220;el punto de vista de Putin representa una perspectiva internacionalista m\u00e1s compleja: las grandes potencias tienen, naturalmente, un papel importante que desempe\u00f1ar, pero tambi\u00e9n tienen que tener claros los l\u00edmites de su propio poder&#8221;, a\u00f1adi\u00f3 el experto.<\/p>\n<p style=\"text-align: justify;\">fm\/rr<\/p>\n","protected":false},"excerpt":{"rendered":"<p>Mosc\u00fa, 29 oct (SANA)\u00a0 \u00a0Jia Min, profesor del Instituto de Estudios Financieros Chunyang de la Universidad Popular de China, opin\u00f3 que la capacidad de decir &#8220;no&#8221; a EEUU se convirti\u00f3 en un signo de crecimiento y madurez de los pa\u00edses en la pol\u00edtica internacional. Min coment\u00f3 el discurso del presidente ruso, Vlad\u00edmir Putin, en una &hellip;<\/p>\n","protected":false},"author":31,"featured_media":259821,"comment_status":"closed","ping_status":"closed","sticky":false,"template":"","format":"standard","meta":{"footnotes":""},"categories":[456,20724],"tags":[],"class_list":["post-259820","post","type-post","status-publish","format-standard","has-post-thumbnail","","category-arabe-internacional-politica","category-minuto-a-minuto"],"_links":{"self":[{"href":"https:\/\/archive.sana.sy\/es\/index.php?rest_route=\/wp\/v2\/posts\/259820"}],"collection":[{"href":"https:\/\/archive.sana.sy\/es\/index.php?rest_route=\/wp\/v2\/posts"}],"about":[{"href":"https:\/\/archive.sana.sy\/es\/index.php?rest_route=\/wp\/v2\/types\/post"}],"author":[{"embeddable":true,"href":"https:\/\/archive.sana.sy\/es\/index.php?rest_route=\/wp\/v2\/users\/31"}],"replies":[{"embeddable":true,"href":"https:\/\/archive.sana.sy\/es\/index.php?rest_route=%2Fwp%2Fv2%2Fcomments&post=259820"}],"version-history":[{"count":0,"href":"https:\/\/archive.sana.sy\/es\/index.php?rest_route=\/wp\/v2\/posts\/259820\/revisions"}],"wp:featuredmedia":[{"embeddable":true,"href":"https:\/\/archive.sana.sy\/es\/index.php?rest_route=\/wp\/v2\/media\/259821"}],"wp:attachment":[{"href":"https:\/\/archive.sana.sy\/es\/index.php?rest_route=%2Fwp%2Fv2%2Fmedia&parent=259820"}],"wp:term":[{"taxonomy":"category","embeddable":true,"href":"https:\/\/archive.sana.sy\/es\/index.php?rest_route=%2Fwp%2Fv2%2Fcategories&post=259820"},{"taxonomy":"post_tag","embeddable":true,"href":"https:\/\/archive.sana.sy\/es\/index.php?rest_route=%2Fwp%2Fv2%2Ftags&post=259820"}],"curies":[{"name":"wp","href":"https:\/\/api.w.org\/{rel}","templated":true}]}}