{"id":25987,"date":"2015-07-02T18:55:26","date_gmt":"2015-07-02T15:55:26","guid":{"rendered":"http:\/\/sana.sy\/es\/?p=25987"},"modified":"2015-07-02T18:56:31","modified_gmt":"2015-07-02T15:56:31","slug":"canciller-palestino-recalca-que-no-se-puede-luchar-contra-el-terrorismo-sin-siria","status":"publish","type":"post","link":"https:\/\/archive.sana.sy\/es\/?p=25987","title":{"rendered":"Canciller palestino recalca que no se puede luchar contra el terrorismo sin Siria"},"content":{"rendered":"<p><span style=\"color: #800000\">Mosc\u00fa, SANA<\/span><\/p>\n<p>El Ministro de Asuntos Exteriores palestino, Riyad al-Maliki enfatiz\u00f3 que la lucha contra el terrorismo en la regi\u00f3n requiere de que todos los actores internacionales a\u00fanen esfuerzos, incluidos los pa\u00edses que sufren del mismo como Siria.<\/p>\n<p>Entrevistado este jueves por el corresponsal de SANA en Mosc\u00fa, el jefe de la diplomacia palestina dijo \u201cno se puede hablar de la lucha contra el malo, aislando a la parte que sufre del mismo, especialmente Siria. En este contexto llam\u00f3 a crear un bloque que cuenta con la participaci\u00f3n de \u201ctodos\u201d para poder vencer a este enemigo com\u00fan.<\/p>\n<p>Al-Maliki se\u00f1al\u00f3 que lo subrayado por el presidente ruso, Vladimir Putin durante la reuni\u00f3n que sostuvo hace pocos d\u00edas con el canciller sirio, Walid al-Moallem va en el marco de esta visi\u00f3n que ha de ser adoptada por todos los actores internacionales puesto que \u201cla experiencia de la denominada Coalici\u00f3n Internacional no ha alcanzado hasta el momento frenar la expansi\u00f3n del Estado Isl\u00e1mico pese a la superioridad militar a\u00e9rea de esta alianza\u201d.<\/p>\n<p>Asimismo llam\u00f3 a reconsiderar la estructura de la Coalici\u00f3n Internacional y sus prioridades para poder hacer frente al terrorismo del EI y eliminarlo.<\/p>\n<p>&nbsp;<\/p>\n<p>Lynn A.<\/p>\n","protected":false},"excerpt":{"rendered":"<p>Mosc\u00fa, SANA El Ministro de Asuntos Exteriores palestino, Riyad al-Maliki enfatiz\u00f3 que la lucha contra el terrorismo en la regi\u00f3n requiere de que todos los actores internacionales a\u00fanen esfuerzos, incluidos los pa\u00edses que sufren del mismo como Siria. Entrevistado este jueves por el corresponsal de SANA en Mosc\u00fa, el jefe de la diplomacia palestina dijo &hellip;<\/p>\n","protected":false},"author":24,"featured_media":25988,"comment_status":"closed","ping_status":"closed","sticky":false,"template":"","format":"standard","meta":{"footnotes":""},"categories":[456,457,576],"tags":[5831],"class_list":["post-25987","post","type-post","status-publish","format-standard","has-post-thumbnail","","category-arabe-internacional-politica","category-noticias-arabe-internacional-politica","category-noticias-politicas","tag-canciller-palestino-recalca-que-no-se-puede-luchar-contra-el-terrorismo-sin-siria"],"_links":{"self":[{"href":"https:\/\/archive.sana.sy\/es\/index.php?rest_route=\/wp\/v2\/posts\/25987"}],"collection":[{"href":"https:\/\/archive.sana.sy\/es\/index.php?rest_route=\/wp\/v2\/posts"}],"about":[{"href":"https:\/\/archive.sana.sy\/es\/index.php?rest_route=\/wp\/v2\/types\/post"}],"author":[{"embeddable":true,"href":"https:\/\/archive.sana.sy\/es\/index.php?rest_route=\/wp\/v2\/users\/24"}],"replies":[{"embeddable":true,"href":"https:\/\/archive.sana.sy\/es\/index.php?rest_route=%2Fwp%2Fv2%2Fcomments&post=25987"}],"version-history":[{"count":0,"href":"https:\/\/archive.sana.sy\/es\/index.php?rest_route=\/wp\/v2\/posts\/25987\/revisions"}],"wp:featuredmedia":[{"embeddable":true,"href":"https:\/\/archive.sana.sy\/es\/index.php?rest_route=\/wp\/v2\/media\/25988"}],"wp:attachment":[{"href":"https:\/\/archive.sana.sy\/es\/index.php?rest_route=%2Fwp%2Fv2%2Fmedia&parent=25987"}],"wp:term":[{"taxonomy":"category","embeddable":true,"href":"https:\/\/archive.sana.sy\/es\/index.php?rest_route=%2Fwp%2Fv2%2Fcategories&post=25987"},{"taxonomy":"post_tag","embeddable":true,"href":"https:\/\/archive.sana.sy\/es\/index.php?rest_route=%2Fwp%2Fv2%2Ftags&post=25987"}],"curies":[{"name":"wp","href":"https:\/\/api.w.org\/{rel}","templated":true}]}}