{"id":259901,"date":"2022-10-30T15:19:03","date_gmt":"2022-10-30T13:19:03","guid":{"rendered":"http:\/\/107.6.182.27\/es\/?p=259901"},"modified":"2023-01-10T15:51:02","modified_gmt":"2023-01-10T13:51:02","slug":"abren-colegios-en-brasil-para-segunda-vuelta-de-presidenciales","status":"publish","type":"post","link":"https:\/\/archive.sana.sy\/es\/?p=259901","title":{"rendered":"Abren colegios en Brasil para segunda vuelta de presidenciales"},"content":{"rendered":"<blockquote>\n<p style=\"text-align: justify;\"><strong>\u00abHoy posiblemente sea el d\u00eda 30 de octubre m\u00e1s importante de mi vida y creo que es un d\u00eda muy importante para el pueblo brasile\u00f1o, porque hoy el pueblo est\u00e1 definiendo el modelo de Brasil que \u00e9l desea, el modelo de vida que \u00e9l quiere\u00bb, afirm\u00f3 Lula a la prensa despu\u00e9s de sufragar.<\/strong><\/p>\n<\/blockquote>\n<p style=\"text-align: justify;\"><span style=\"color: #800000;\"><strong>Brasilia, 30 oct (SANA)\u00a0<\/strong> <\/span>\u00a0 Los colegios electorales abrieron hoy en Brasil a las 08:00, hora local, para la segunda vuelta de elecciones presidenciales durante las cuales se definir\u00e1 qui\u00e9n ser\u00e1 el presidente del pa\u00eds a partir de 2023, Luiz In\u00e1cio Lula da Silva, del Partido de los Trabajadores, (PT) o Jair Bolsonaro, del Partido Liberal (PL).<\/p>\n<p style=\"text-align: justify;\">M\u00e1s de 156 millones de votantes retornaron a las urnas en 472 mil 75 secciones electivas, que permanecer\u00e1n abiertas hasta las 17:00, hora local, para elegir al pr\u00f3ximo jefe del Ejecutivo para el periodo 2023-2027, inform\u00f3 la agencia Prensa Latina.<\/p>\n<p style=\"text-align: justify;\">El exmandatario Luiz In\u00e1cio Lula da Silva vot\u00f3 en la escuela estadual Jo\u00e3o Firmino, en el barrio Asunci\u00f3n, en la regi\u00f3n industrial ABC Paulista (Sao Paulo).<\/p>\n<p style=\"text-align: justify;\">\u00abHoy posiblemente sea el d\u00eda 30 de octubre m\u00e1s importante de mi vida y creo que es un d\u00eda muy importante para el pueblo brasile\u00f1o, porque hoy el pueblo est\u00e1 definiendo el modelo de Brasil que \u00e9l desea, el modelo de vida que \u00e9l quiere\u00bb, afirm\u00f3 Lula a la prensa despu\u00e9s de sufragar.<\/p>\n<p style=\"text-align: justify;\">El candidato presidencial del Partido de los Trabajadores (PT) repiti\u00f3 el gesto que hizo en la primera ronda del 2 de octubre y bes\u00f3 el comprobante de votaci\u00f3n.<\/p>\n<p style=\"text-align: justify;\">fm\/ed<\/p>\n","protected":false},"excerpt":{"rendered":"<p>\u00abHoy posiblemente sea el d\u00eda 30 de octubre m\u00e1s importante de mi vida y creo que es un d\u00eda muy importante para el pueblo brasile\u00f1o, porque hoy el pueblo est\u00e1 definiendo el modelo de Brasil que \u00e9l desea, el modelo de vida que \u00e9l quiere\u00bb, afirm\u00f3 Lula a la prensa despu\u00e9s de sufragar. Brasilia, 30 &hellip;<\/p>\n","protected":false},"author":32,"featured_media":259902,"comment_status":"closed","ping_status":"closed","sticky":false,"template":"","format":"standard","meta":{"footnotes":""},"categories":[597,456,20724],"tags":[20573,20572],"class_list":["post-259901","post","type-post","status-publish","format-standard","has-post-thumbnail","","category-cinta-de-noticias","category-arabe-internacional-politica","category-minuto-a-minuto","tag-brasil","tag-elecciones-presidenciales"],"_links":{"self":[{"href":"https:\/\/archive.sana.sy\/es\/index.php?rest_route=\/wp\/v2\/posts\/259901"}],"collection":[{"href":"https:\/\/archive.sana.sy\/es\/index.php?rest_route=\/wp\/v2\/posts"}],"about":[{"href":"https:\/\/archive.sana.sy\/es\/index.php?rest_route=\/wp\/v2\/types\/post"}],"author":[{"embeddable":true,"href":"https:\/\/archive.sana.sy\/es\/index.php?rest_route=\/wp\/v2\/users\/32"}],"replies":[{"embeddable":true,"href":"https:\/\/archive.sana.sy\/es\/index.php?rest_route=%2Fwp%2Fv2%2Fcomments&post=259901"}],"version-history":[{"count":0,"href":"https:\/\/archive.sana.sy\/es\/index.php?rest_route=\/wp\/v2\/posts\/259901\/revisions"}],"wp:featuredmedia":[{"embeddable":true,"href":"https:\/\/archive.sana.sy\/es\/index.php?rest_route=\/wp\/v2\/media\/259902"}],"wp:attachment":[{"href":"https:\/\/archive.sana.sy\/es\/index.php?rest_route=%2Fwp%2Fv2%2Fmedia&parent=259901"}],"wp:term":[{"taxonomy":"category","embeddable":true,"href":"https:\/\/archive.sana.sy\/es\/index.php?rest_route=%2Fwp%2Fv2%2Fcategories&post=259901"},{"taxonomy":"post_tag","embeddable":true,"href":"https:\/\/archive.sana.sy\/es\/index.php?rest_route=%2Fwp%2Fv2%2Ftags&post=259901"}],"curies":[{"name":"wp","href":"https:\/\/api.w.org\/{rel}","templated":true}]}}