{"id":259944,"date":"2022-10-30T18:45:40","date_gmt":"2022-10-30T16:45:40","guid":{"rendered":"http:\/\/107.6.182.27\/es\/?p=259944"},"modified":"2023-01-10T15:51:02","modified_gmt":"2023-01-10T13:51:02","slug":"zajarova-comenta-sobre-implicacion-de-reino-unido-en-ataque-ucraniano-con-drones-en-sebastopol","status":"publish","type":"post","link":"https:\/\/archive.sana.sy\/es\/?p=259944","title":{"rendered":"Zaj\u00e1rova comenta sobre implicaci\u00f3n de Reino Unido en ataque ucraniano con drones en Sebastopol"},"content":{"rendered":"<p style=\"text-align: justify;\"><span style=\"color: #800000;\"><strong>Mosc\u00fa, 30 oct (SANA)<\/strong><\/span>\u00a0 \u00a0La portavoz del Ministerio de Asuntos Exteriores de Rusia, Mar\u00eda Zaj\u00e1rova, coment\u00f3 hoy sobre la implicaci\u00f3n del Reino Unido en el ataque terrorista con drones en el puerto de Sebastopol en Crimea.<\/p>\n<p style=\"text-align: justify;\">Revel\u00f3 que el Ministerio de Asuntos Exteriores de Rusia junto con los organismos rusos competentes est\u00e1 elaborando las medidas pr\u00e1cticas debido a la implicaci\u00f3n de los especialistas brit\u00e1nicos en la preparaci\u00f3n del ataque terrorista en el mar Negro el 29 de octubre y el adiestramiento de los militares ucranianos.<\/p>\n<p style=\"text-align: justify;\">Seg\u00fan la vocera, los militares rusos han informado que poseen la informaci\u00f3n de que los servicios secretos del Reino Unido tambi\u00e9n estuvieron implicados en las explosiones en los gasoductos Nord Stream 1 y Nord Stream 2 en el mar B\u00e1ltico.<\/p>\n<p style=\"text-align: justify;\">&#8220;En numerosas ocasiones, Rusia ha abogado por realizar una investigaci\u00f3n conjunta de estos ataques terroristas.<\/p>\n<p style=\"text-align: justify;\">Enviamos las propuestas correspondientes a los gobiernos de Dinamarca, Suecia y Alemania. El hecho de que los pa\u00edses occidentales rechazaron estas propuestas confirma que tienen algo que ocultar. Ahora entendemos qu\u00e9 exactamente est\u00e1n ocultando&#8221;, concluy\u00f3.<\/p>\n<p style=\"text-align: justify;\">fm\/rr<\/p>\n","protected":false},"excerpt":{"rendered":"<p>Mosc\u00fa, 30 oct (SANA)\u00a0 \u00a0La portavoz del Ministerio de Asuntos Exteriores de Rusia, Mar\u00eda Zaj\u00e1rova, coment\u00f3 hoy sobre la implicaci\u00f3n del Reino Unido en el ataque terrorista con drones en el puerto de Sebastopol en Crimea. Revel\u00f3 que el Ministerio de Asuntos Exteriores de Rusia junto con los organismos rusos competentes est\u00e1 elaborando las medidas &hellip;<\/p>\n","protected":false},"author":31,"featured_media":259945,"comment_status":"closed","ping_status":"closed","sticky":false,"template":"","format":"standard","meta":{"footnotes":""},"categories":[456,20724],"tags":[8602,20700,20734,6695,21368,20357],"class_list":["post-259944","post","type-post","status-publish","format-standard","has-post-thumbnail","","category-arabe-internacional-politica","category-minuto-a-minuto","tag-ataque","tag-crimea","tag-reino-unido","tag-rusia","tag-sebastopol","tag-ucrania"],"_links":{"self":[{"href":"https:\/\/archive.sana.sy\/es\/index.php?rest_route=\/wp\/v2\/posts\/259944"}],"collection":[{"href":"https:\/\/archive.sana.sy\/es\/index.php?rest_route=\/wp\/v2\/posts"}],"about":[{"href":"https:\/\/archive.sana.sy\/es\/index.php?rest_route=\/wp\/v2\/types\/post"}],"author":[{"embeddable":true,"href":"https:\/\/archive.sana.sy\/es\/index.php?rest_route=\/wp\/v2\/users\/31"}],"replies":[{"embeddable":true,"href":"https:\/\/archive.sana.sy\/es\/index.php?rest_route=%2Fwp%2Fv2%2Fcomments&post=259944"}],"version-history":[{"count":0,"href":"https:\/\/archive.sana.sy\/es\/index.php?rest_route=\/wp\/v2\/posts\/259944\/revisions"}],"wp:featuredmedia":[{"embeddable":true,"href":"https:\/\/archive.sana.sy\/es\/index.php?rest_route=\/wp\/v2\/media\/259945"}],"wp:attachment":[{"href":"https:\/\/archive.sana.sy\/es\/index.php?rest_route=%2Fwp%2Fv2%2Fmedia&parent=259944"}],"wp:term":[{"taxonomy":"category","embeddable":true,"href":"https:\/\/archive.sana.sy\/es\/index.php?rest_route=%2Fwp%2Fv2%2Fcategories&post=259944"},{"taxonomy":"post_tag","embeddable":true,"href":"https:\/\/archive.sana.sy\/es\/index.php?rest_route=%2Fwp%2Fv2%2Ftags&post=259944"}],"curies":[{"name":"wp","href":"https:\/\/api.w.org\/{rel}","templated":true}]}}