{"id":259947,"date":"2022-10-30T18:51:34","date_gmt":"2022-10-30T16:51:34","guid":{"rendered":"http:\/\/107.6.182.27\/es\/?p=259947"},"modified":"2022-10-30T18:51:34","modified_gmt":"2022-10-30T16:51:34","slug":"1200-militares-fugitivos-se-beneficiaron-del-proceso-de-reconciliacion-en-hama","status":"publish","type":"post","link":"https:\/\/archive.sana.sy\/es\/?p=259947","title":{"rendered":"1,200 militares fugitivos se beneficiaron del proceso de reconciliaci\u00f3n en Hama"},"content":{"rendered":"<blockquote>\n<p style=\"text-align: justify;\"><strong>Tanto los decretos de amnist\u00eda como las iniciativas de reconciliaci\u00f3n propuestas por el Gobierno tuvieron \u00e9xito en que miles de armados depusieran sus armas y desertores se reintegraran a las filas del ej\u00e9rcito.<\/strong><\/p>\n<\/blockquote>\n<p style=\"text-align: justify;\">\n<span style=\"color: #800000;\"><strong>Provincias, 30 oct (SANA)\u00a0 \u00a0<\/strong><\/span>Los centros de reconciliaci\u00f3n en las provincias de Hama y Damasco-campo siguen recibiendo a decenas de pr\u00f3fugos y fugitivos del servicio militar que deseen normalizar su estatus jur\u00eddico acorde a las cl\u00e1usulas de los pactos planteados por el Estado. La iniciativa gubernamental estipula volver a unirse a las filas del ej\u00e9rcito o abandonar las armas y volver a ejercer su vida con normalidad.<\/p>\n<p style=\"text-align: justify;\">Varios beneficiados de la reconciliaci\u00f3n declararon a la corresponsal de SANA, que su incorporaci\u00f3n al proceso supone el comienzo de una nueva vida estable bajo el paraguas del estado y ejerciendo los derechos y deberes como cualquier ciudadano.<\/p>\n<p style=\"text-align: justify;\">Solo en la provincia de Hama, unos mil 200 personas se beneficiaron de esta iniciativa hasta el momento.<\/p>\n<p style=\"text-align: justify;\">El Ej\u00e9rcito sirio ampli\u00f3 sus pol\u00edticas basadas en la reconciliaci\u00f3n para recuperar la normalidad en determinadas provincias y regiones sin recurrir a operaciones militares que podr\u00edan provocar p\u00e9rdidas materiales y de vidas humanas.<\/p>\n<p style=\"text-align: justify;\">Tanto los decretos de amnist\u00eda como las iniciativas de reconciliaci\u00f3n propuestas por el Gobierno tuvieron \u00e9xito en que miles de armados depusieran sus armas y desertores se reintegraran a las filas del ej\u00e9rcito.<\/p>\n<p>rr\/fm<\/p>\n<p>&nbsp;<\/p>\n<div id='gallery-1' class='gallery galleryid-259947 gallery-columns-2 gallery-size-medium'><figure class='gallery-item'>\n\t\t\t<div class='gallery-icon landscape'>\n\t\t\t\t<a href='https:\/\/archive.sana.sy\/es\/wp-content\/uploads\/2022\/10\/6-5-scaled.jpg'><img loading=\"lazy\" decoding=\"async\" width=\"300\" height=\"204\" src=\"https:\/\/archive.sana.sy\/es\/wp-content\/uploads\/2022\/10\/6-5-300x204.jpg\" class=\"attachment-medium size-medium\" alt=\"\" srcset=\"https:\/\/archive.sana.sy\/es\/wp-content\/uploads\/2022\/10\/6-5-300x204.jpg 300w, https:\/\/archive.sana.sy\/es\/wp-content\/uploads\/2022\/10\/6-5-1024x697.jpg 1024w, https:\/\/archive.sana.sy\/es\/wp-content\/uploads\/2022\/10\/6-5-150x102.jpg 150w, https:\/\/archive.sana.sy\/es\/wp-content\/uploads\/2022\/10\/6-5-768x523.jpg 768w, https:\/\/archive.sana.sy\/es\/wp-content\/uploads\/2022\/10\/6-5-1536x1046.jpg 1536w, https:\/\/archive.sana.sy\/es\/wp-content\/uploads\/2022\/10\/6-5-2048x1394.jpg 2048w, https:\/\/archive.sana.sy\/es\/wp-content\/uploads\/2022\/10\/6-5-110x75.jpg 110w\" sizes=\"(max-width: 300px) 100vw, 300px\" \/><\/a>\n\t\t\t<\/div><\/figure><figure class='gallery-item'>\n\t\t\t<div class='gallery-icon landscape'>\n\t\t\t\t<a href='https:\/\/archive.sana.sy\/es\/wp-content\/uploads\/2022\/10\/7-5-scaled.jpg'><img loading=\"lazy\" decoding=\"async\" width=\"300\" height=\"200\" src=\"https:\/\/archive.sana.sy\/es\/wp-content\/uploads\/2022\/10\/7-5-300x200.jpg\" class=\"attachment-medium size-medium\" alt=\"\" srcset=\"https:\/\/archive.sana.sy\/es\/wp-content\/uploads\/2022\/10\/7-5-300x200.jpg 300w, https:\/\/archive.sana.sy\/es\/wp-content\/uploads\/2022\/10\/7-5-1024x682.jpg 1024w, https:\/\/archive.sana.sy\/es\/wp-content\/uploads\/2022\/10\/7-5-150x100.jpg 150w, https:\/\/archive.sana.sy\/es\/wp-content\/uploads\/2022\/10\/7-5-768x512.jpg 768w, https:\/\/archive.sana.sy\/es\/wp-content\/uploads\/2022\/10\/7-5-1536x1024.jpg 1536w, https:\/\/archive.sana.sy\/es\/wp-content\/uploads\/2022\/10\/7-5-2048x1365.jpg 2048w\" sizes=\"(max-width: 300px) 100vw, 300px\" \/><\/a>\n\t\t\t<\/div><\/figure><figure class='gallery-item'>\n\t\t\t<div class='gallery-icon landscape'>\n\t\t\t\t<a href='https:\/\/archive.sana.sy\/es\/wp-content\/uploads\/2022\/10\/15-2-scaled.jpg'><img loading=\"lazy\" decoding=\"async\" width=\"300\" height=\"200\" src=\"https:\/\/archive.sana.sy\/es\/wp-content\/uploads\/2022\/10\/15-2-300x200.jpg\" class=\"attachment-medium size-medium\" alt=\"\" srcset=\"https:\/\/archive.sana.sy\/es\/wp-content\/uploads\/2022\/10\/15-2-300x200.jpg 300w, https:\/\/archive.sana.sy\/es\/wp-content\/uploads\/2022\/10\/15-2-1024x682.jpg 1024w, https:\/\/archive.sana.sy\/es\/wp-content\/uploads\/2022\/10\/15-2-150x100.jpg 150w, https:\/\/archive.sana.sy\/es\/wp-content\/uploads\/2022\/10\/15-2-768x512.jpg 768w, https:\/\/archive.sana.sy\/es\/wp-content\/uploads\/2022\/10\/15-2-1536x1024.jpg 1536w, https:\/\/archive.sana.sy\/es\/wp-content\/uploads\/2022\/10\/15-2-2048x1365.jpg 2048w\" sizes=\"(max-width: 300px) 100vw, 300px\" \/><\/a>\n\t\t\t<\/div><\/figure><figure class='gallery-item'>\n\t\t\t<div class='gallery-icon landscape'>\n\t\t\t\t<a href='https:\/\/archive.sana.sy\/es\/wp-content\/uploads\/2022\/10\/16-2-scaled.jpg'><img loading=\"lazy\" decoding=\"async\" width=\"300\" height=\"200\" src=\"https:\/\/archive.sana.sy\/es\/wp-content\/uploads\/2022\/10\/16-2-300x200.jpg\" class=\"attachment-medium size-medium\" alt=\"\" srcset=\"https:\/\/archive.sana.sy\/es\/wp-content\/uploads\/2022\/10\/16-2-300x200.jpg 300w, https:\/\/archive.sana.sy\/es\/wp-content\/uploads\/2022\/10\/16-2-1024x682.jpg 1024w, https:\/\/archive.sana.sy\/es\/wp-content\/uploads\/2022\/10\/16-2-150x100.jpg 150w, https:\/\/archive.sana.sy\/es\/wp-content\/uploads\/2022\/10\/16-2-768x512.jpg 768w, https:\/\/archive.sana.sy\/es\/wp-content\/uploads\/2022\/10\/16-2-1536x1024.jpg 1536w, https:\/\/archive.sana.sy\/es\/wp-content\/uploads\/2022\/10\/16-2-2048x1365.jpg 2048w\" sizes=\"(max-width: 300px) 100vw, 300px\" \/><\/a>\n\t\t\t<\/div><\/figure>\n\t\t<\/div>\n\n","protected":false},"excerpt":{"rendered":"<p>Tanto los decretos de amnist\u00eda como las iniciativas de reconciliaci\u00f3n propuestas por el Gobierno tuvieron \u00e9xito en que miles de armados depusieran sus armas y desertores se reintegraran a las filas del ej\u00e9rcito. Provincias, 30 oct (SANA)\u00a0 \u00a0Los centros de reconciliaci\u00f3n en las provincias de Hama y Damasco-campo siguen recibiendo a decenas de pr\u00f3fugos y &hellip;<\/p>\n","protected":false},"author":31,"featured_media":259948,"comment_status":"closed","ping_status":"closed","sticky":false,"template":"","format":"standard","meta":{"footnotes":""},"categories":[597,476,7541],"tags":[],"class_list":["post-259947","post","type-post","status-publish","format-standard","has-post-thumbnail","","category-cinta-de-noticias","category-locales","category-ultimas-noticias"],"_links":{"self":[{"href":"https:\/\/archive.sana.sy\/es\/index.php?rest_route=\/wp\/v2\/posts\/259947"}],"collection":[{"href":"https:\/\/archive.sana.sy\/es\/index.php?rest_route=\/wp\/v2\/posts"}],"about":[{"href":"https:\/\/archive.sana.sy\/es\/index.php?rest_route=\/wp\/v2\/types\/post"}],"author":[{"embeddable":true,"href":"https:\/\/archive.sana.sy\/es\/index.php?rest_route=\/wp\/v2\/users\/31"}],"replies":[{"embeddable":true,"href":"https:\/\/archive.sana.sy\/es\/index.php?rest_route=%2Fwp%2Fv2%2Fcomments&post=259947"}],"version-history":[{"count":0,"href":"https:\/\/archive.sana.sy\/es\/index.php?rest_route=\/wp\/v2\/posts\/259947\/revisions"}],"wp:featuredmedia":[{"embeddable":true,"href":"https:\/\/archive.sana.sy\/es\/index.php?rest_route=\/wp\/v2\/media\/259948"}],"wp:attachment":[{"href":"https:\/\/archive.sana.sy\/es\/index.php?rest_route=%2Fwp%2Fv2%2Fmedia&parent=259947"}],"wp:term":[{"taxonomy":"category","embeddable":true,"href":"https:\/\/archive.sana.sy\/es\/index.php?rest_route=%2Fwp%2Fv2%2Fcategories&post=259947"},{"taxonomy":"post_tag","embeddable":true,"href":"https:\/\/archive.sana.sy\/es\/index.php?rest_route=%2Fwp%2Fv2%2Ftags&post=259947"}],"curies":[{"name":"wp","href":"https:\/\/api.w.org\/{rel}","templated":true}]}}