{"id":259955,"date":"2022-10-30T19:13:06","date_gmt":"2022-10-30T17:13:06","guid":{"rendered":"http:\/\/107.6.182.27\/es\/?p=259955"},"modified":"2022-10-30T19:19:08","modified_gmt":"2022-10-30T17:19:08","slug":"mekdad-recibe-al-coordinador-residente-de-la-onu-en-siria","status":"publish","type":"post","link":"https:\/\/archive.sana.sy\/es\/?p=259955","title":{"rendered":"Mekdad recibe al Coordinador Residente de la ONU en Siria"},"content":{"rendered":"<p style=\"text-align: justify;\"><span style=\"color: #800000;\"><strong>Damasco, 30 oct (SANA)\u00a0<\/strong><\/span> \u00a0El ministro de Relaciones Exteriores y Expatriados, Faisal Al-Mekdad, agradeci\u00f3 el papel desempe\u00f1ado por el coordinador residente de las actividades de las Naciones Unidas en Siria, Imran Rida, con motivo del cese de sus funciones en el pa\u00eds, y su traslado para realizar otras tareas.<\/p>\n<p style=\"text-align: justify;\">Durante la reuni\u00f3n, los dos lados repasaron las actividades y proyectos que se implementaron en cooperaci\u00f3n entre el equipo de las Naciones Unidas en Siria y las diversas autoridades sirias involucradas, en particular el Ministerio de Relaciones Exteriores y Expatriados.<\/p>\n<p style=\"text-align: justify;\">Las dos partes subrayaron el \u00e9xito de los esfuerzos conjuntos en muchas \u00e1reas y aseguraron que se debe continuar trabajando a un ritmo acelerado para implementar los proyectos de recuperaci\u00f3n temprana estipulados en la Resoluci\u00f3n del Consejo de Seguridad No (2642).<\/p>\n<p style=\"text-align: justify;\">El ministro Al-Mekdad agradeci\u00f3 el importante papel de Reda durante su trabajo como coordinador residente en Damasco, dese\u00e1ndole \u00e9xito en sus nuevas funciones.<\/p>\n<p style=\"text-align: justify;\">A su vez, Reda expres\u00f3 su reconocimiento y agradecimiento por el apoyo y la cooperaci\u00f3n que recibi\u00f3 de las agencias del gobierno sirio para facilitar sus tareas.<\/p>\n<p style=\"text-align: justify;\">fm\/rr<\/p>\n","protected":false},"excerpt":{"rendered":"<p>Damasco, 30 oct (SANA)\u00a0 \u00a0El ministro de Relaciones Exteriores y Expatriados, Faisal Al-Mekdad, agradeci\u00f3 el papel desempe\u00f1ado por el coordinador residente de las actividades de las Naciones Unidas en Siria, Imran Rida, con motivo del cese de sus funciones en el pa\u00eds, y su traslado para realizar otras tareas. Durante la reuni\u00f3n, los dos lados &hellip;<\/p>\n","protected":false},"author":31,"featured_media":259956,"comment_status":"closed","ping_status":"closed","sticky":false,"template":"","format":"standard","meta":{"footnotes":""},"categories":[477,597,476,7541],"tags":[8799,21390,6553],"class_list":["post-259955","post","type-post","status-publish","format-standard","has-post-thumbnail","","category-noticias-edulcorantes","category-cinta-de-noticias","category-locales","category-ultimas-noticias","tag-onu","tag-relaciones-exteriores","tag-siria"],"_links":{"self":[{"href":"https:\/\/archive.sana.sy\/es\/index.php?rest_route=\/wp\/v2\/posts\/259955"}],"collection":[{"href":"https:\/\/archive.sana.sy\/es\/index.php?rest_route=\/wp\/v2\/posts"}],"about":[{"href":"https:\/\/archive.sana.sy\/es\/index.php?rest_route=\/wp\/v2\/types\/post"}],"author":[{"embeddable":true,"href":"https:\/\/archive.sana.sy\/es\/index.php?rest_route=\/wp\/v2\/users\/31"}],"replies":[{"embeddable":true,"href":"https:\/\/archive.sana.sy\/es\/index.php?rest_route=%2Fwp%2Fv2%2Fcomments&post=259955"}],"version-history":[{"count":0,"href":"https:\/\/archive.sana.sy\/es\/index.php?rest_route=\/wp\/v2\/posts\/259955\/revisions"}],"wp:featuredmedia":[{"embeddable":true,"href":"https:\/\/archive.sana.sy\/es\/index.php?rest_route=\/wp\/v2\/media\/259956"}],"wp:attachment":[{"href":"https:\/\/archive.sana.sy\/es\/index.php?rest_route=%2Fwp%2Fv2%2Fmedia&parent=259955"}],"wp:term":[{"taxonomy":"category","embeddable":true,"href":"https:\/\/archive.sana.sy\/es\/index.php?rest_route=%2Fwp%2Fv2%2Fcategories&post=259955"},{"taxonomy":"post_tag","embeddable":true,"href":"https:\/\/archive.sana.sy\/es\/index.php?rest_route=%2Fwp%2Fv2%2Ftags&post=259955"}],"curies":[{"name":"wp","href":"https:\/\/api.w.org\/{rel}","templated":true}]}}