{"id":26006,"date":"2015-07-02T22:31:30","date_gmt":"2015-07-02T19:31:30","guid":{"rendered":"http:\/\/sana.sy\/es\/?p=26006"},"modified":"2023-01-09T14:10:00","modified_gmt":"2023-01-09T12:10:00","slug":"terroristas-del-eiil-destrozan-una-de-las-estatuas-mas-importantes-de-la-ciudad-de-palmira","status":"publish","type":"post","link":"https:\/\/archive.sana.sy\/es\/?p=26006","title":{"rendered":"Terroristas del EIIL destrozan una de las estatuas m\u00e1s importantes de la ciudad de Palmira"},"content":{"rendered":"<p>Homs-SANA<\/p>\n<p>Miembros de la organizaci\u00f3n terrorista del DAESH destruyeron a martillazo la estatua de la diosa Al-lat, que era una de las estatuas arqueol\u00f3gicas m\u00e1s importantes de la ciudad de Palmira.<\/p>\n<p>Cabe se\u00f1alar que la estatua se remontaba al siglo II despu\u00e9s de Cristo.<br \/>\nEl Director General de Antig\u00fcedades y Museos, Mamoun Abdul Karim dijo que elementos de la organizaci\u00f3n terrorista del estado isl\u00e1mico en Irak y el Levante destrozaron una de las estatuas m\u00e1s importantes descubiertas en Siria, aclarando que la misma fue descubierta en el a\u00f1o 1977 y se remontaba al siglo II DC y agreg\u00f3 que era una pieza de tres metros de altura y de unas 15 toneladas.<\/p>\n<p>Abdul Karim destac\u00f3 que hab\u00edan cubierto la estatua con una placa de hierro y rodeado de sacos de arena para preservarla y protegerla de los ataques del DAESH.<\/p>\n<p>\u00a8Seg\u00fan lo difundido por los sitios web social, EIIL tambi\u00e9n hab\u00eda destruido 8 estatuas robadas en tumbas de Palmira por traficantes\u00a8, acot\u00f3.<\/p>\n<p>Yamil K.<\/p>\n","protected":false},"excerpt":{"rendered":"<p>Homs-SANA Miembros de la organizaci\u00f3n terrorista del DAESH destruyeron a martillazo la estatua de la diosa Al-lat, que era una de las estatuas arqueol\u00f3gicas m\u00e1s importantes de la ciudad de Palmira. Cabe se\u00f1alar que la estatua se remontaba al siglo II despu\u00e9s de Cristo. El Director General de Antig\u00fcedades y Museos, Mamoun Abdul Karim dijo &hellip;<\/p>\n","protected":false},"author":1,"featured_media":26007,"comment_status":"closed","ping_status":"closed","sticky":false,"template":"","format":"standard","meta":{"footnotes":""},"categories":[477,573,476],"tags":[],"class_list":["post-26006","post","type-post","status-publish","format-standard","has-post-thumbnail","","category-noticias-edulcorantes","category-la-realidad-de-los-acontecimientos-en-siria","category-locales"],"_links":{"self":[{"href":"https:\/\/archive.sana.sy\/es\/index.php?rest_route=\/wp\/v2\/posts\/26006"}],"collection":[{"href":"https:\/\/archive.sana.sy\/es\/index.php?rest_route=\/wp\/v2\/posts"}],"about":[{"href":"https:\/\/archive.sana.sy\/es\/index.php?rest_route=\/wp\/v2\/types\/post"}],"author":[{"embeddable":true,"href":"https:\/\/archive.sana.sy\/es\/index.php?rest_route=\/wp\/v2\/users\/1"}],"replies":[{"embeddable":true,"href":"https:\/\/archive.sana.sy\/es\/index.php?rest_route=%2Fwp%2Fv2%2Fcomments&post=26006"}],"version-history":[{"count":0,"href":"https:\/\/archive.sana.sy\/es\/index.php?rest_route=\/wp\/v2\/posts\/26006\/revisions"}],"wp:featuredmedia":[{"embeddable":true,"href":"https:\/\/archive.sana.sy\/es\/index.php?rest_route=\/wp\/v2\/media\/26007"}],"wp:attachment":[{"href":"https:\/\/archive.sana.sy\/es\/index.php?rest_route=%2Fwp%2Fv2%2Fmedia&parent=26006"}],"wp:term":[{"taxonomy":"category","embeddable":true,"href":"https:\/\/archive.sana.sy\/es\/index.php?rest_route=%2Fwp%2Fv2%2Fcategories&post=26006"},{"taxonomy":"post_tag","embeddable":true,"href":"https:\/\/archive.sana.sy\/es\/index.php?rest_route=%2Fwp%2Fv2%2Ftags&post=26006"}],"curies":[{"name":"wp","href":"https:\/\/api.w.org\/{rel}","templated":true}]}}