{"id":260160,"date":"2022-11-01T05:18:15","date_gmt":"2022-11-01T03:18:15","guid":{"rendered":"http:\/\/107.6.182.27\/es\/?p=260160"},"modified":"2023-01-10T15:50:57","modified_gmt":"2023-01-10T13:50:57","slug":"mensajes-de-los-presidentes-de-cuba-chile-venezuela-y-mexico-a-lula-da-silva","status":"publish","type":"post","link":"https:\/\/archive.sana.sy\/es\/?p=260160","title":{"rendered":"Mensajes de los presidentes de Cuba, Chile, Venezuela y M\u00e9xico a Lula da Silva"},"content":{"rendered":"<blockquote>\n<p style=\"text-align: justify;\"><span style=\"color: #993300;\">Cuba: Tu victoria es de Brasil y de Am\u00e9rica Latina y el Caribe<\/span><\/p>\n<p style=\"text-align: justify;\"><span style=\"color: #993300;\">Chile: Su triunfo es una alegr\u00eda para Latinoam\u00e9rica y el mundo<\/span><\/p>\n<p style=\"text-align: justify;\"><span style=\"color: #993300;\">M\u00e9xico: extendemos la invitaci\u00f3n a Lula da Silva para que visite M\u00e9xico<\/span><\/p>\n<p style=\"text-align: justify;\"><span style=\"color: #993300;\">Venezuela: acordaron retomar la agenda binacional de cooperaci\u00f3n que mantuvieron ambos pa\u00edses durante a\u00f1os.<\/span><\/p>\n<\/blockquote>\n<p style=\"text-align: justify;\"><span style=\"color: #800000;\"><strong>Capitales, 1 nov (SANA)<\/strong><\/span> El presidente de Cuba, Miguel D\u00edaz-Canel, sostuvo una conversaci\u00f3n telef\u00f3nica con el l\u00edder izquierdista Luiz In\u00e1cio Lula da Silva, tras conocerse su victoria en el balotaje de Brasil.<\/p>\n<p style=\"text-align: justify;\">En su cuenta de Twitter, D\u00edaz-Canel expres\u00f3: &#8220;Tu victoria es de Brasil y de Am\u00e9rica Latina y el Caribe, de la integraci\u00f3n y la paz. Cuenta siempre con Cuba\u201d.<\/p>\n<p style=\"text-align: justify;\">A su vez, el presidente de Chile, Gabriel Boric, se comunic\u00f3 con el mandatario electo de Brasil para felicitarlo por la victoria en las elecciones.<\/p>\n<p style=\"text-align: justify;\">&#8220;Su triunfo es una alegr\u00eda para Latinoam\u00e9rica y el mundo. Trabajaremos juntos para estrechar las relaciones entre nuestros pa\u00edses y trabajar en conjunto por el bienestar de nuestros pueblos&#8221;, dijo Boric desde su cuenta de Twitter.<\/p>\n<p style=\"text-align: justify;\">En el mismo contexto, el presidente de M\u00e9xico, Andr\u00e9s Manuel L\u00f3pez Obrador, convers\u00f3 con el izquierdista Luiz In\u00e1cio Lula da Silva para felicitarlo por su triunfo en el balotaje de Brasil.<\/p>\n<p style=\"text-align: justify;\">Durante el di\u00e1logo, L\u00f3pez Obrador extendi\u00f3 la invitaci\u00f3n a Lula da Silva para que visite M\u00e9xico durante la Cumbre de la Alianza del Pac\u00edfico, que se celebrar\u00e1 a finales de noviembre y contar\u00e1 con la presencia del presidente de Chile, Gabriel Boric, de Colombia, Gustavo Petro, de Per\u00fa, Pedro Castillo, y de Argentina, Alberto Fern\u00e1ndez.<\/p>\n<p style=\"text-align: justify;\">&#8220;Te recuerdo que cuando estuviste con nosotros (marzo de 2022) hiciste el compromiso de que antes de que tomaras posesi\u00f3n nos ibas a visitar&#8221;, dijo L\u00f3pez Obrador a Lula da Silva.<\/p>\n<p style=\"text-align: justify;\">Asimismo, el presidente de Venezuela, Nicol\u00e1s Maduro, inform\u00f3 que tras sostener una conversaci\u00f3n telef\u00f3nica con el presidente electo de Brasil, acordaron retomar la agenda binacional de cooperaci\u00f3n que mantuvieron ambos pa\u00edses durante a\u00f1os.<\/p>\n<p style=\"text-align: justify;\">&#8220;El presidente Lula envi\u00f3 su saludo y compromiso a todo el pueblo venezolano. Tenemos la voluntad de trabajar duro por el fortalecimiento de Am\u00e9rica Latina y el Caribe y por el desarrollo econ\u00f3mico y social de nuestros pueblos&#8221;, agreg\u00f3 Maduro, quien agradeci\u00f3 la disposici\u00f3n de su par brasile\u00f1o.<\/p>\n<p style=\"text-align: justify;\">fm<\/p>\n<p style=\"text-align: justify;\">\n","protected":false},"excerpt":{"rendered":"<p>Cuba: Tu victoria es de Brasil y de Am\u00e9rica Latina y el Caribe Chile: Su triunfo es una alegr\u00eda para Latinoam\u00e9rica y el mundo M\u00e9xico: extendemos la invitaci\u00f3n a Lula da Silva para que visite M\u00e9xico Venezuela: acordaron retomar la agenda binacional de cooperaci\u00f3n que mantuvieron ambos pa\u00edses durante a\u00f1os. Capitales, 1 nov (SANA) El &hellip;<\/p>\n","protected":false},"author":34,"featured_media":260161,"comment_status":"closed","ping_status":"closed","sticky":false,"template":"","format":"standard","meta":{"footnotes":""},"categories":[597,456,20724,7541],"tags":[],"class_list":["post-260160","post","type-post","status-publish","format-standard","has-post-thumbnail","","category-cinta-de-noticias","category-arabe-internacional-politica","category-minuto-a-minuto","category-ultimas-noticias"],"_links":{"self":[{"href":"https:\/\/archive.sana.sy\/es\/index.php?rest_route=\/wp\/v2\/posts\/260160"}],"collection":[{"href":"https:\/\/archive.sana.sy\/es\/index.php?rest_route=\/wp\/v2\/posts"}],"about":[{"href":"https:\/\/archive.sana.sy\/es\/index.php?rest_route=\/wp\/v2\/types\/post"}],"author":[{"embeddable":true,"href":"https:\/\/archive.sana.sy\/es\/index.php?rest_route=\/wp\/v2\/users\/34"}],"replies":[{"embeddable":true,"href":"https:\/\/archive.sana.sy\/es\/index.php?rest_route=%2Fwp%2Fv2%2Fcomments&post=260160"}],"version-history":[{"count":0,"href":"https:\/\/archive.sana.sy\/es\/index.php?rest_route=\/wp\/v2\/posts\/260160\/revisions"}],"wp:featuredmedia":[{"embeddable":true,"href":"https:\/\/archive.sana.sy\/es\/index.php?rest_route=\/wp\/v2\/media\/260161"}],"wp:attachment":[{"href":"https:\/\/archive.sana.sy\/es\/index.php?rest_route=%2Fwp%2Fv2%2Fmedia&parent=260160"}],"wp:term":[{"taxonomy":"category","embeddable":true,"href":"https:\/\/archive.sana.sy\/es\/index.php?rest_route=%2Fwp%2Fv2%2Fcategories&post=260160"},{"taxonomy":"post_tag","embeddable":true,"href":"https:\/\/archive.sana.sy\/es\/index.php?rest_route=%2Fwp%2Fv2%2Ftags&post=260160"}],"curies":[{"name":"wp","href":"https:\/\/api.w.org\/{rel}","templated":true}]}}