{"id":260163,"date":"2022-11-01T09:35:40","date_gmt":"2022-11-01T07:35:40","guid":{"rendered":"http:\/\/107.6.182.27\/es\/?p=260163"},"modified":"2022-11-01T09:37:39","modified_gmt":"2022-11-01T07:37:39","slug":"siria-confirma-solidez-de-sus-relaciones-con-teheran","status":"publish","type":"post","link":"https:\/\/archive.sana.sy\/es\/?p=260163","title":{"rendered":"Siria confirma solidez de sus relaciones con Teher\u00e1n"},"content":{"rendered":"<p style=\"text-align: justify;\"><span style=\"color: #800000;\"><strong>Teher\u00e1n, 1 nov (SANA)<\/strong><\/span>\u00a0 La vicepresidente del Comit\u00e9 de Amistad Siria-Ir\u00e1n, Haifa Yuma, subray\u00f3 las excelentes relaciones establecidas entre Damasco y Teher\u00e1n.<\/p>\n<p style=\"text-align: justify;\"><img loading=\"lazy\" decoding=\"async\" class=\"size-medium wp-image-260166 alignright\" src=\"http:\/\/107.6.182.27\/es\/wp-content\/uploads\/2022\/11\/photo_2022-10-31_22-21-47-300x151.jpg\" alt=\"\" width=\"300\" height=\"151\" srcset=\"https:\/\/archive.sana.sy\/es\/wp-content\/uploads\/2022\/11\/photo_2022-10-31_22-21-47-300x151.jpg 300w, https:\/\/archive.sana.sy\/es\/wp-content\/uploads\/2022\/11\/photo_2022-10-31_22-21-47-150x76.jpg 150w, https:\/\/archive.sana.sy\/es\/wp-content\/uploads\/2022\/11\/photo_2022-10-31_22-21-47.jpg 660w\" sizes=\"(max-width: 300px) 100vw, 300px\" \/><\/p>\n<p style=\"text-align: justify;\">Esta afirmaci\u00f3n tuvo lugar durante su reuni\u00f3n con el jefe de la Asamblea Consultiva Isl\u00e1mica de Ir\u00e1n, Mohammad Baqer Qalibaf, en la capital iran\u00ed, donde se destac\u00f3 el respaldo del gobierno iran\u00ed a Siria en varios campos.<\/p>\n<p style=\"text-align: justify;\">La cooperaci\u00f3n conjunta entre ambos partes repercutir\u00e1 positivamente en el proceso de desarrollo, modernizaci\u00f3n y construcci\u00f3n en Siria, teniendo en cuenta los grandes logros iran\u00edes en los campos cient\u00edfico, t\u00e9cnico, tecnol\u00f3gico y m\u00e9dico, dijo Yumaa.<\/p>\n<p style=\"text-align: justify;\">Por su parte, el jefe de la Asamblea Consultiva Isl\u00e1mica destac\u00f3 la necesidad de fortalecer el sector privado en los dos pa\u00edses para mejorar el nivel de cooperaci\u00f3n econ\u00f3mica.<\/p>\n<p style=\"text-align: justify;\"><em><strong>ws\/fm<\/strong><\/em><\/p>\n","protected":false},"excerpt":{"rendered":"<p>Teher\u00e1n, 1 nov (SANA)\u00a0 La vicepresidente del Comit\u00e9 de Amistad Siria-Ir\u00e1n, Haifa Yuma, subray\u00f3 las excelentes relaciones establecidas entre Damasco y Teher\u00e1n. Esta afirmaci\u00f3n tuvo lugar durante su reuni\u00f3n con el jefe de la Asamblea Consultiva Isl\u00e1mica de Ir\u00e1n, Mohammad Baqer Qalibaf, en la capital iran\u00ed, donde se destac\u00f3 el respaldo del gobierno iran\u00ed a &hellip;<\/p>\n","protected":false},"author":35,"featured_media":260164,"comment_status":"closed","ping_status":"closed","sticky":false,"template":"","format":"standard","meta":{"footnotes":""},"categories":[477,447,597,20724,467,7541],"tags":[],"class_list":["post-260163","post","type-post","status-publish","format-standard","has-post-thumbnail","","category-noticias-edulcorantes","category-local-politica","category-cinta-de-noticias","category-minuto-a-minuto","category-siria-y-el-mundo","category-ultimas-noticias"],"_links":{"self":[{"href":"https:\/\/archive.sana.sy\/es\/index.php?rest_route=\/wp\/v2\/posts\/260163"}],"collection":[{"href":"https:\/\/archive.sana.sy\/es\/index.php?rest_route=\/wp\/v2\/posts"}],"about":[{"href":"https:\/\/archive.sana.sy\/es\/index.php?rest_route=\/wp\/v2\/types\/post"}],"author":[{"embeddable":true,"href":"https:\/\/archive.sana.sy\/es\/index.php?rest_route=\/wp\/v2\/users\/35"}],"replies":[{"embeddable":true,"href":"https:\/\/archive.sana.sy\/es\/index.php?rest_route=%2Fwp%2Fv2%2Fcomments&post=260163"}],"version-history":[{"count":0,"href":"https:\/\/archive.sana.sy\/es\/index.php?rest_route=\/wp\/v2\/posts\/260163\/revisions"}],"wp:featuredmedia":[{"embeddable":true,"href":"https:\/\/archive.sana.sy\/es\/index.php?rest_route=\/wp\/v2\/media\/260164"}],"wp:attachment":[{"href":"https:\/\/archive.sana.sy\/es\/index.php?rest_route=%2Fwp%2Fv2%2Fmedia&parent=260163"}],"wp:term":[{"taxonomy":"category","embeddable":true,"href":"https:\/\/archive.sana.sy\/es\/index.php?rest_route=%2Fwp%2Fv2%2Fcategories&post=260163"},{"taxonomy":"post_tag","embeddable":true,"href":"https:\/\/archive.sana.sy\/es\/index.php?rest_route=%2Fwp%2Fv2%2Ftags&post=260163"}],"curies":[{"name":"wp","href":"https:\/\/api.w.org\/{rel}","templated":true}]}}