{"id":260169,"date":"2022-11-01T09:52:38","date_gmt":"2022-11-01T07:52:38","guid":{"rendered":"http:\/\/107.6.182.27\/es\/?p=260169"},"modified":"2022-11-01T09:52:38","modified_gmt":"2022-11-01T07:52:38","slug":"argelia-conmemora-68o-aniversario-de-su-revolucion-y-saluda-solidas-relaciones-con-siria","status":"publish","type":"post","link":"https:\/\/archive.sana.sy\/es\/?p=260169","title":{"rendered":"Argelia conmemora 68\u00ba aniversario de su Revoluci\u00f3n, y saluda s\u00f3lidas relaciones con Siria"},"content":{"rendered":"<blockquote>\n<p style=\"text-align: justify;\"><span style=\"color: #ff0000;\"><strong>El embajador argelino en Damasco subray\u00f3 la importancia de la candidatura de Argelia a miembro no permanente del Consejo de Seguridad de la ONU para el per\u00edodo 2024-2025, que cuenta con el aval de la Uni\u00f3n Africana, la Liga de los Estados \u00c1rabes y la Organizaci\u00f3n para la Cooperaci\u00f3n Isl\u00e1mica ya que este paso le permitir\u00e1 unir esfuerzos para poner fin a los conflictos y resolverlos por diversas v\u00edas pol\u00edticas.<\/strong><\/span><\/p>\n<\/blockquote>\n<p style=\"text-align: justify;\"><span style=\"color: #800000;\"><strong>Damasco, 1 nov (SANA)\u00a0<\/strong> <\/span>Con ocasi\u00f3n del 68 aniversario de la Revoluci\u00f3n Argelina que coincide este martes 01 de Noviembre, el embajador argelino en Damasco, Lahcen Tohamy, destac\u00f3 las profundas las relaciones arraigadas entre Argelia y Siria, la solidaridad existente entre sus pueblos y los logros hist\u00f3ricos conjuntos entre ambas naciones hermanas .<\/p>\n<p style=\"text-align: justify;\"><img loading=\"lazy\" decoding=\"async\" class=\"size-medium wp-image-260171 alignright\" src=\"http:\/\/107.6.182.27\/es\/wp-content\/uploads\/2022\/11\/2-300x200.jpg\" alt=\"\" width=\"300\" height=\"200\" srcset=\"https:\/\/archive.sana.sy\/es\/wp-content\/uploads\/2022\/11\/2-300x200.jpg 300w, https:\/\/archive.sana.sy\/es\/wp-content\/uploads\/2022\/11\/2-150x100.jpg 150w, https:\/\/archive.sana.sy\/es\/wp-content\/uploads\/2022\/11\/2.jpg 660w\" sizes=\"(max-width: 300px) 100vw, 300px\" \/><\/p>\n<p style=\"text-align: justify;\">En entrevista con SANA, Tohamy asever\u00f3 que estos lazos fraternos volvieron m\u00e1s s\u00f3lidos gracias a las haza\u00f1as intelectuales, humanas y de lucha del Emir Abdel-Qader al-Jazaery (gran luchador argelino) quien resid\u00eda en Damasco, pues los sirios lo acogieron con alegr\u00eda y generosidad lo que confirma la gran solidaridad de Siria con el pueblo argelino en su lucha contra el colonialismo franc\u00e9s.<\/p>\n<p style=\"text-align: justify;\">El diplom\u00e1tico recalc\u00f3 la posici\u00f3n clara de su pa\u00eds sobre la crisis en Siria al exigir una soluci\u00f3n pol\u00edtica a trav\u00e9s del di\u00e1logo nacional entre los sirios de manera que favorezca sus intereses y preserve la soberan\u00eda, la estabilidad y la integridad del territorio sirio.<\/p>\n<p style=\"text-align: justify;\">Celebrar la victoria de la Revoluci\u00f3n en un pa\u00eds como Siria nos hace recordar las posturas fraternas en las que esta naci\u00f3n se mantuvo con Argelia, especialmente cuando sol\u00edan recitar el himno nacional argelino en sus escuelas, dijo el embajador.<\/p>\n<p style=\"text-align: justify;\">Indic\u00f3 que esta fecha hist\u00f3rica coincide con la celebraci\u00f3n de la trig\u00e9sima primera cumbre \u00e1rabe en la tierra de Argelia, que busca fortalecer la unidad de la naci\u00f3n \u00e1rabe y examinar sus asuntos nacionales, sobre todo la causa del pueblo palestino.<\/p>\n<p style=\"text-align: justify;\">Desde principios de este a\u00f1o, el gobierno argelino ha mantenido di\u00e1logos con diversas facciones palestinas, adem\u00e1s de celebrar conferencias, la \u00faltima de las cuales fue (la conferencia de reunificaci\u00f3n para la unidad palestina), que se realiz\u00f3 bajo la supervisi\u00f3n del presidente argelino Abdelmadjid Tebboune, agreg\u00f3.<\/p>\n<p style=\"text-align: justify;\">Concluy\u00f3 con destacar la importancia de la candidatura de Argelia a miembro no permanente del Consejo de Seguridad de la ONU para el per\u00edodo 2024-2025, que cuenta con el aval de la Uni\u00f3n Africana, la Liga de los Estados \u00c1rabes y la Organizaci\u00f3n para la Cooperaci\u00f3n Isl\u00e1mica ya que este paso le permitir\u00e1 unir esfuerzos para poner fin a los conflictos y resolverlos por diversas v\u00edas pol\u00edticas.<\/p>\n<p style=\"text-align: justify;\"><strong>ws\/fm<\/strong><\/p>\n","protected":false},"excerpt":{"rendered":"<p>El embajador argelino en Damasco subray\u00f3 la importancia de la candidatura de Argelia a miembro no permanente del Consejo de Seguridad de la ONU para el per\u00edodo 2024-2025, que cuenta con el aval de la Uni\u00f3n Africana, la Liga de los Estados \u00c1rabes y la Organizaci\u00f3n para la Cooperaci\u00f3n Isl\u00e1mica ya que este paso le &hellip;<\/p>\n","protected":false},"author":35,"featured_media":260170,"comment_status":"closed","ping_status":"closed","sticky":false,"template":"","format":"standard","meta":{"footnotes":""},"categories":[477,447,597,20724,476,583],"tags":[],"class_list":["post-260169","post","type-post","status-publish","format-standard","has-post-thumbnail","","category-noticias-edulcorantes","category-local-politica","category-cinta-de-noticias","category-minuto-a-minuto","category-locales","category-slide"],"_links":{"self":[{"href":"https:\/\/archive.sana.sy\/es\/index.php?rest_route=\/wp\/v2\/posts\/260169"}],"collection":[{"href":"https:\/\/archive.sana.sy\/es\/index.php?rest_route=\/wp\/v2\/posts"}],"about":[{"href":"https:\/\/archive.sana.sy\/es\/index.php?rest_route=\/wp\/v2\/types\/post"}],"author":[{"embeddable":true,"href":"https:\/\/archive.sana.sy\/es\/index.php?rest_route=\/wp\/v2\/users\/35"}],"replies":[{"embeddable":true,"href":"https:\/\/archive.sana.sy\/es\/index.php?rest_route=%2Fwp%2Fv2%2Fcomments&post=260169"}],"version-history":[{"count":0,"href":"https:\/\/archive.sana.sy\/es\/index.php?rest_route=\/wp\/v2\/posts\/260169\/revisions"}],"wp:featuredmedia":[{"embeddable":true,"href":"https:\/\/archive.sana.sy\/es\/index.php?rest_route=\/wp\/v2\/media\/260170"}],"wp:attachment":[{"href":"https:\/\/archive.sana.sy\/es\/index.php?rest_route=%2Fwp%2Fv2%2Fmedia&parent=260169"}],"wp:term":[{"taxonomy":"category","embeddable":true,"href":"https:\/\/archive.sana.sy\/es\/index.php?rest_route=%2Fwp%2Fv2%2Fcategories&post=260169"},{"taxonomy":"post_tag","embeddable":true,"href":"https:\/\/archive.sana.sy\/es\/index.php?rest_route=%2Fwp%2Fv2%2Ftags&post=260169"}],"curies":[{"name":"wp","href":"https:\/\/api.w.org\/{rel}","templated":true}]}}