{"id":26025,"date":"2015-07-03T17:52:34","date_gmt":"2015-07-03T14:52:34","guid":{"rendered":"http:\/\/sana.sy\/es\/?p=26025"},"modified":"2023-01-09T14:10:00","modified_gmt":"2023-01-09T12:10:00","slug":"terroristas-asesinan-al-iman-de-la-mezquita-mayor-al-kabir-en-la-ciudad-de-al-tel","status":"publish","type":"post","link":"https:\/\/archive.sana.sy\/es\/?p=26025","title":{"rendered":"Terroristas asesinan al Im\u00e1n de la Mezquita Mayor \u201cAl-Kabir\u201d, en la ciudad de Al-Tel"},"content":{"rendered":"<p><span style=\"color: #800000\">Damasco-SANA<\/span><\/p>\n<p style=\"text-align: justify\">En la ciudad de Al-Tel al norte de la capital, terroristas asesinaron al Im\u00e1n de la Mezquita Mayor \u201cAl-Kabir\u201d, por medio de un artefacto explosivo, durante el serm\u00f3n del viernes.<\/p>\n<p style=\"text-align: justify\">Fuentes locales informaron que la explosi\u00f3n mat\u00f3 al im\u00e1n, Sulaiman Al-Afendi, e hiri\u00f3 a cinco files; adem\u00e1s caus\u00f3 considerables da\u00f1os materiales.<\/p>\n<p style=\"text-align: justify\">Cabe recordar que no es la primera vez que terroristas atacan santuarios musulmanes de la zona, pues el 23 de junio \u00faltimo varias personas resultaron heridas en la explosi\u00f3n de un coche bomba, cerca de la mezquita \u201cMuaz bin Jabal\u201d.<\/p>\n<p>M.Miri, Riad.Sh<\/p>\n","protected":false},"excerpt":{"rendered":"<p>Damasco-SANA En la ciudad de Al-Tel al norte de la capital, terroristas asesinaron al Im\u00e1n de la Mezquita Mayor \u201cAl-Kabir\u201d, por medio de un artefacto explosivo, durante el serm\u00f3n del viernes. Fuentes locales informaron que la explosi\u00f3n mat\u00f3 al im\u00e1n, Sulaiman Al-Afendi, e hiri\u00f3 a cinco files; adem\u00e1s caus\u00f3 considerables da\u00f1os materiales. Cabe recordar que &hellip;<\/p>\n","protected":false},"author":1,"featured_media":26040,"comment_status":"closed","ping_status":"closed","sticky":false,"template":"","format":"standard","meta":{"footnotes":""},"categories":[477,573,476],"tags":[5839,5838],"class_list":["post-26025","post","type-post","status-publish","format-standard","has-post-thumbnail","","category-noticias-edulcorantes","category-la-realidad-de-los-acontecimientos-en-siria","category-locales","tag-en-la-ciudad-de-al-tel","tag-terroristas-asesinan-al-iman-de-la-mezquita-mayor-al-kabir"],"_links":{"self":[{"href":"https:\/\/archive.sana.sy\/es\/index.php?rest_route=\/wp\/v2\/posts\/26025"}],"collection":[{"href":"https:\/\/archive.sana.sy\/es\/index.php?rest_route=\/wp\/v2\/posts"}],"about":[{"href":"https:\/\/archive.sana.sy\/es\/index.php?rest_route=\/wp\/v2\/types\/post"}],"author":[{"embeddable":true,"href":"https:\/\/archive.sana.sy\/es\/index.php?rest_route=\/wp\/v2\/users\/1"}],"replies":[{"embeddable":true,"href":"https:\/\/archive.sana.sy\/es\/index.php?rest_route=%2Fwp%2Fv2%2Fcomments&post=26025"}],"version-history":[{"count":0,"href":"https:\/\/archive.sana.sy\/es\/index.php?rest_route=\/wp\/v2\/posts\/26025\/revisions"}],"wp:featuredmedia":[{"embeddable":true,"href":"https:\/\/archive.sana.sy\/es\/index.php?rest_route=\/wp\/v2\/media\/26040"}],"wp:attachment":[{"href":"https:\/\/archive.sana.sy\/es\/index.php?rest_route=%2Fwp%2Fv2%2Fmedia&parent=26025"}],"wp:term":[{"taxonomy":"category","embeddable":true,"href":"https:\/\/archive.sana.sy\/es\/index.php?rest_route=%2Fwp%2Fv2%2Fcategories&post=26025"},{"taxonomy":"post_tag","embeddable":true,"href":"https:\/\/archive.sana.sy\/es\/index.php?rest_route=%2Fwp%2Fv2%2Ftags&post=26025"}],"curies":[{"name":"wp","href":"https:\/\/api.w.org\/{rel}","templated":true}]}}