{"id":260319,"date":"2022-11-02T04:52:50","date_gmt":"2022-11-02T02:52:50","guid":{"rendered":"http:\/\/107.6.182.27\/es\/?p=260319"},"modified":"2023-01-10T15:50:54","modified_gmt":"2023-01-10T13:50:54","slug":"todavia-compramos-solo-una-cuarta-parte-del-petroleo-ruso-que-compra-europa-en-una-sola-tarde","status":"publish","type":"post","link":"https:\/\/archive.sana.sy\/es\/?p=260319","title":{"rendered":"&#8220;Todav\u00eda compramos solo una cuarta parte del petr\u00f3leo ruso que compra Europa en una sola tarde&#8221;"},"content":{"rendered":"<p style=\"text-align: justify;\"><span style=\"color: #800000;\"><strong>Nueva Delhi, 2 nov (SANA)<\/strong> <\/span>El ministro de Petr\u00f3leo y Gas Natural de la India, Hardeep Singh Puri, asegur\u00f3 que su pa\u00eds no tiene ning\u00fan &#8220;conflicto moral&#8221; por la importaci\u00f3n de petr\u00f3leo ruso.<\/p>\n<p style=\"text-align: justify;\">&#8220;Absolutamente ninguno, no hay conflicto moral en absoluto, a menos que alguien quiera tomar una posici\u00f3n ideol\u00f3gica. No compramos de X o Y, compramos lo que est\u00e9 disponible. No compro yo, son las compa\u00f1\u00edas petroleras las que compran&#8221;, declar\u00f3 durante una entrevista con la cadena CNN, que fue citada por RT.<\/p>\n<p style=\"text-align: justify;\">El ministro aclar\u00f3 que el petr\u00f3leo proveniente de Rusia represent\u00f3 tan solo 0,2 % de las importaciones registradas en el a\u00f1o fiscal 2022, que finaliz\u00f3 el 31 de marzo.<\/p>\n<p style=\"text-align: justify;\">Asimismo, hizo hincapi\u00e9 en que la India &#8220;todav\u00eda compra solo una cuarta parte de lo que compra Europa en una sola tarde&#8221;.<\/p>\n<p style=\"text-align: justify;\">fm<\/p>\n","protected":false},"excerpt":{"rendered":"<p>Nueva Delhi, 2 nov (SANA) El ministro de Petr\u00f3leo y Gas Natural de la India, Hardeep Singh Puri, asegur\u00f3 que su pa\u00eds no tiene ning\u00fan &#8220;conflicto moral&#8221; por la importaci\u00f3n de petr\u00f3leo ruso. &#8220;Absolutamente ninguno, no hay conflicto moral en absoluto, a menos que alguien quiera tomar una posici\u00f3n ideol\u00f3gica. No compramos de X o &hellip;<\/p>\n","protected":false},"author":34,"featured_media":260320,"comment_status":"closed","ping_status":"closed","sticky":false,"template":"","format":"standard","meta":{"footnotes":""},"categories":[597,16686,485,456,20724,7541],"tags":[],"class_list":["post-260319","post","type-post","status-publish","format-standard","has-post-thumbnail","","category-cinta-de-noticias","category-economia","category-informes-negocios-y-finanzas","category-arabe-internacional-politica","category-minuto-a-minuto","category-ultimas-noticias"],"_links":{"self":[{"href":"https:\/\/archive.sana.sy\/es\/index.php?rest_route=\/wp\/v2\/posts\/260319"}],"collection":[{"href":"https:\/\/archive.sana.sy\/es\/index.php?rest_route=\/wp\/v2\/posts"}],"about":[{"href":"https:\/\/archive.sana.sy\/es\/index.php?rest_route=\/wp\/v2\/types\/post"}],"author":[{"embeddable":true,"href":"https:\/\/archive.sana.sy\/es\/index.php?rest_route=\/wp\/v2\/users\/34"}],"replies":[{"embeddable":true,"href":"https:\/\/archive.sana.sy\/es\/index.php?rest_route=%2Fwp%2Fv2%2Fcomments&post=260319"}],"version-history":[{"count":0,"href":"https:\/\/archive.sana.sy\/es\/index.php?rest_route=\/wp\/v2\/posts\/260319\/revisions"}],"wp:featuredmedia":[{"embeddable":true,"href":"https:\/\/archive.sana.sy\/es\/index.php?rest_route=\/wp\/v2\/media\/260320"}],"wp:attachment":[{"href":"https:\/\/archive.sana.sy\/es\/index.php?rest_route=%2Fwp%2Fv2%2Fmedia&parent=260319"}],"wp:term":[{"taxonomy":"category","embeddable":true,"href":"https:\/\/archive.sana.sy\/es\/index.php?rest_route=%2Fwp%2Fv2%2Fcategories&post=260319"},{"taxonomy":"post_tag","embeddable":true,"href":"https:\/\/archive.sana.sy\/es\/index.php?rest_route=%2Fwp%2Fv2%2Ftags&post=260319"}],"curies":[{"name":"wp","href":"https:\/\/api.w.org\/{rel}","templated":true}]}}