{"id":26034,"date":"2015-07-03T18:24:39","date_gmt":"2015-07-03T15:24:39","guid":{"rendered":"http:\/\/sana.sy\/es\/?p=26034"},"modified":"2015-07-03T18:24:39","modified_gmt":"2015-07-03T15:24:39","slug":"gatilov-rusia-esta-dispuesta-a-celebrar-un-moscu-3-sobre-siria","status":"publish","type":"post","link":"https:\/\/archive.sana.sy\/es\/?p=26034","title":{"rendered":"Gatilov: Rusia est\u00e1 dispuesta a celebrar un Mosc\u00fa-3 sobre Siria"},"content":{"rendered":"<p><span style=\"color: #800000\">Mosc\u00fa-SANA<\/span><\/p>\n<p style=\"text-align: justify\">El vicecanciller ruso Gennady Gatilov, inform\u00f3 a los periodistas que la parte rusa est\u00e1 dispuesta a llevar a cabo una tercera ronda de conversaciones de consulta entre las partes sirias en Mosc\u00fa, pero las fechas no est\u00e1n determinadas todav\u00eda.<\/p>\n<p style=\"text-align: justify\">&#8220;Si bien no hay una fecha l\u00edmite. No podemos excluir la realizaci\u00f3n de Mosc\u00fa-3 sobre Siria y estamos listos, pero aun no disponemos de las fechas exactas. \u201cdijo Gatilov.<\/p>\n<p style=\"text-align: justify\">Anteriormente, durante la segunda ronda de consultas, que se desarroll\u00f3 en la capital rusa del 6 al 9 de abril, las partes coordinaron un documento final de 10 puntos, donde confirmaron que el arreglo de la crisis siria debe efectuarse con m\u00e9todos pol\u00edticos y basarse en el Comunicado de Ginebra del 30 de junio de 2012.<\/p>\n<p>M.Miri, Riad.Sh<\/p>\n","protected":false},"excerpt":{"rendered":"<p>Mosc\u00fa-SANA El vicecanciller ruso Gennady Gatilov, inform\u00f3 a los periodistas que la parte rusa est\u00e1 dispuesta a llevar a cabo una tercera ronda de conversaciones de consulta entre las partes sirias en Mosc\u00fa, pero las fechas no est\u00e1n determinadas todav\u00eda. &#8220;Si bien no hay una fecha l\u00edmite. No podemos excluir la realizaci\u00f3n de Mosc\u00fa-3 sobre &hellip;<\/p>\n","protected":false},"author":1,"featured_media":26035,"comment_status":"closed","ping_status":"closed","sticky":false,"template":"","format":"standard","meta":{"footnotes":""},"categories":[456,457,576],"tags":[5843],"class_list":["post-26034","post","type-post","status-publish","format-standard","has-post-thumbnail","","category-arabe-internacional-politica","category-noticias-arabe-internacional-politica","category-noticias-politicas","tag-gatilov-rusia-esta-dispuesta-a-celebrar-un-moscu-3-sobre-siria"],"_links":{"self":[{"href":"https:\/\/archive.sana.sy\/es\/index.php?rest_route=\/wp\/v2\/posts\/26034"}],"collection":[{"href":"https:\/\/archive.sana.sy\/es\/index.php?rest_route=\/wp\/v2\/posts"}],"about":[{"href":"https:\/\/archive.sana.sy\/es\/index.php?rest_route=\/wp\/v2\/types\/post"}],"author":[{"embeddable":true,"href":"https:\/\/archive.sana.sy\/es\/index.php?rest_route=\/wp\/v2\/users\/1"}],"replies":[{"embeddable":true,"href":"https:\/\/archive.sana.sy\/es\/index.php?rest_route=%2Fwp%2Fv2%2Fcomments&post=26034"}],"version-history":[{"count":0,"href":"https:\/\/archive.sana.sy\/es\/index.php?rest_route=\/wp\/v2\/posts\/26034\/revisions"}],"wp:featuredmedia":[{"embeddable":true,"href":"https:\/\/archive.sana.sy\/es\/index.php?rest_route=\/wp\/v2\/media\/26035"}],"wp:attachment":[{"href":"https:\/\/archive.sana.sy\/es\/index.php?rest_route=%2Fwp%2Fv2%2Fmedia&parent=26034"}],"wp:term":[{"taxonomy":"category","embeddable":true,"href":"https:\/\/archive.sana.sy\/es\/index.php?rest_route=%2Fwp%2Fv2%2Fcategories&post=26034"},{"taxonomy":"post_tag","embeddable":true,"href":"https:\/\/archive.sana.sy\/es\/index.php?rest_route=%2Fwp%2Fv2%2Ftags&post=26034"}],"curies":[{"name":"wp","href":"https:\/\/api.w.org\/{rel}","templated":true}]}}