{"id":260397,"date":"2022-11-02T12:02:40","date_gmt":"2022-11-02T10:02:40","guid":{"rendered":"http:\/\/107.6.182.27\/es\/?p=260397"},"modified":"2023-01-10T15:50:53","modified_gmt":"2023-01-10T13:50:53","slug":"embajador-ruso-en-argentina-agradece-a-buenos-aires-por-no-haberse-unido-a-las-sanciones-impuestas-contra-rusia","status":"publish","type":"post","link":"https:\/\/archive.sana.sy\/es\/?p=260397","title":{"rendered":"Embajador ruso en Argentina agradece a Buenos Aires por no haberse unido a las sanciones impuestas contra Rusia"},"content":{"rendered":"<p style=\"text-align: justify;\"><span style=\"color: #800000;\"><strong>Buenos Aires, 2 nov (SANA)\u00a0<\/strong><\/span> El embajador ruso en Argentina, Dmitri Feokt\u00edstov, calific\u00f3 la operaci\u00f3n militar de &#8220;una medida necesaria&#8221; para proteger a los habitantes de Donbass, debido a que las autoridades ucranianas &#8220;b\u00e1sicamente llevaron a cabo una agresi\u00f3n contra su propia poblaci\u00f3n rusoparlante&#8221;.<\/p>\n<p style=\"text-align: justify;\">&#8220;Estas represiones llegaron a ser un verdadero genocidio&#8221;, destac\u00f3 el diplom\u00e1tico en sus declaraciones a El Cronista.<\/p>\n<p style=\"text-align: justify;\">Citado por RT, agreg\u00f3 que pese a la negativa de Kiev de buscar &#8220;una soluci\u00f3n pac\u00edfica&#8221; al conflicto, Mosc\u00fa &#8220;sigue estando abierta al di\u00e1logo&#8221;.<\/p>\n<p style=\"text-align: justify;\">Asimismo, Feokt\u00edsov agradeci\u00f3 a Buenos Aires por no haberse unido a las sanciones impuestas contra Rusia &#8220;por EE.UU. y sus aliados&#8221;.<\/p>\n<p style=\"text-align: justify;\">&#8220;Por supuesto nos gustar\u00eda que Argentina, teniendo en cuenta la asociaci\u00f3n estrat\u00e9gica integral con Rusia, se opusiera m\u00e1s en\u00e9rgicamente a los intentos de los pa\u00edses occidentales de aislar y debilitar a nuestro pa\u00eds. Entendemos que Buenos Aires est\u00e1 bajo una fuerte presi\u00f3n pol\u00edtica antirrusa&#8221;, declar\u00f3.<\/p>\n<p style=\"text-align: justify;\"><strong>fm\/ws<\/strong><\/p>\n","protected":false},"excerpt":{"rendered":"<p>Buenos Aires, 2 nov (SANA)\u00a0 El embajador ruso en Argentina, Dmitri Feokt\u00edstov, calific\u00f3 la operaci\u00f3n militar de &#8220;una medida necesaria&#8221; para proteger a los habitantes de Donbass, debido a que las autoridades ucranianas &#8220;b\u00e1sicamente llevaron a cabo una agresi\u00f3n contra su propia poblaci\u00f3n rusoparlante&#8221;. &#8220;Estas represiones llegaron a ser un verdadero genocidio&#8221;, destac\u00f3 el diplom\u00e1tico &hellip;<\/p>\n","protected":false},"author":35,"featured_media":260398,"comment_status":"closed","ping_status":"closed","sticky":false,"template":"","format":"standard","meta":{"footnotes":""},"categories":[597,456,20724,457,7541],"tags":[],"class_list":["post-260397","post","type-post","status-publish","format-standard","has-post-thumbnail","","category-cinta-de-noticias","category-arabe-internacional-politica","category-minuto-a-minuto","category-noticias-arabe-internacional-politica","category-ultimas-noticias"],"_links":{"self":[{"href":"https:\/\/archive.sana.sy\/es\/index.php?rest_route=\/wp\/v2\/posts\/260397"}],"collection":[{"href":"https:\/\/archive.sana.sy\/es\/index.php?rest_route=\/wp\/v2\/posts"}],"about":[{"href":"https:\/\/archive.sana.sy\/es\/index.php?rest_route=\/wp\/v2\/types\/post"}],"author":[{"embeddable":true,"href":"https:\/\/archive.sana.sy\/es\/index.php?rest_route=\/wp\/v2\/users\/35"}],"replies":[{"embeddable":true,"href":"https:\/\/archive.sana.sy\/es\/index.php?rest_route=%2Fwp%2Fv2%2Fcomments&post=260397"}],"version-history":[{"count":0,"href":"https:\/\/archive.sana.sy\/es\/index.php?rest_route=\/wp\/v2\/posts\/260397\/revisions"}],"wp:featuredmedia":[{"embeddable":true,"href":"https:\/\/archive.sana.sy\/es\/index.php?rest_route=\/wp\/v2\/media\/260398"}],"wp:attachment":[{"href":"https:\/\/archive.sana.sy\/es\/index.php?rest_route=%2Fwp%2Fv2%2Fmedia&parent=260397"}],"wp:term":[{"taxonomy":"category","embeddable":true,"href":"https:\/\/archive.sana.sy\/es\/index.php?rest_route=%2Fwp%2Fv2%2Fcategories&post=260397"},{"taxonomy":"post_tag","embeddable":true,"href":"https:\/\/archive.sana.sy\/es\/index.php?rest_route=%2Fwp%2Fv2%2Ftags&post=260397"}],"curies":[{"name":"wp","href":"https:\/\/api.w.org\/{rel}","templated":true}]}}