{"id":260417,"date":"2022-11-02T13:42:59","date_gmt":"2022-11-02T11:42:59","guid":{"rendered":"http:\/\/107.6.182.27\/es\/?p=260417"},"modified":"2023-01-10T15:50:52","modified_gmt":"2023-01-10T13:50:52","slug":"lula-anuncia-nueva-etapa-de-progreso-para-brasil","status":"publish","type":"post","link":"https:\/\/archive.sana.sy\/es\/?p=260417","title":{"rendered":"Lula anuncia nueva etapa de progreso para Brasil"},"content":{"rendered":"<p style=\"text-align: justify;\"><span style=\"color: #800000;\"><strong>Brasilia,2 nov (SANA)\u00a0 <\/strong><\/span>Despu\u00e9s de ser elegido como presidente de Brasil , el presidente electo Luiz In\u00e1cio Lula da Silva mantuvo varias conversaciones con l\u00edderes de pa\u00edses europeos y latinoamericanos.<\/p>\n<p style=\"text-align: justify;\">Ya Brasil est\u00e1 volviendo al mundo, docenas de jefes de Estados y l\u00edderes de pa\u00edses poderosas quieren ampliar las alianzas y trabajo conjunto con nosotros en varios campos , escribi\u00f3 Lula en la red social Twitter.<\/p>\n<p style=\"text-align: justify;\">Muchos mandatarios de Estados Europeos le ofrecieron sus felicitaciones como Estados Unidos, Francia, Espa\u00f1a y Canad\u00e1 mientras la mayor\u00eda de las naciones latinoamericanas apresuraron a congratularlo.<\/p>\n<p style=\"text-align: justify;\"><em><strong>ws\/fm<\/strong><\/em><\/p>\n","protected":false},"excerpt":{"rendered":"<p>Brasilia,2 nov (SANA)\u00a0 Despu\u00e9s de ser elegido como presidente de Brasil , el presidente electo Luiz In\u00e1cio Lula da Silva mantuvo varias conversaciones con l\u00edderes de pa\u00edses europeos y latinoamericanos. Ya Brasil est\u00e1 volviendo al mundo, docenas de jefes de Estados y l\u00edderes de pa\u00edses poderosas quieren ampliar las alianzas y trabajo conjunto con nosotros &hellip;<\/p>\n","protected":false},"author":35,"featured_media":260418,"comment_status":"closed","ping_status":"closed","sticky":false,"template":"","format":"standard","meta":{"footnotes":""},"categories":[597,456,20724,457,7541],"tags":[],"class_list":["post-260417","post","type-post","status-publish","format-standard","has-post-thumbnail","","category-cinta-de-noticias","category-arabe-internacional-politica","category-minuto-a-minuto","category-noticias-arabe-internacional-politica","category-ultimas-noticias"],"_links":{"self":[{"href":"https:\/\/archive.sana.sy\/es\/index.php?rest_route=\/wp\/v2\/posts\/260417"}],"collection":[{"href":"https:\/\/archive.sana.sy\/es\/index.php?rest_route=\/wp\/v2\/posts"}],"about":[{"href":"https:\/\/archive.sana.sy\/es\/index.php?rest_route=\/wp\/v2\/types\/post"}],"author":[{"embeddable":true,"href":"https:\/\/archive.sana.sy\/es\/index.php?rest_route=\/wp\/v2\/users\/35"}],"replies":[{"embeddable":true,"href":"https:\/\/archive.sana.sy\/es\/index.php?rest_route=%2Fwp%2Fv2%2Fcomments&post=260417"}],"version-history":[{"count":0,"href":"https:\/\/archive.sana.sy\/es\/index.php?rest_route=\/wp\/v2\/posts\/260417\/revisions"}],"wp:featuredmedia":[{"embeddable":true,"href":"https:\/\/archive.sana.sy\/es\/index.php?rest_route=\/wp\/v2\/media\/260418"}],"wp:attachment":[{"href":"https:\/\/archive.sana.sy\/es\/index.php?rest_route=%2Fwp%2Fv2%2Fmedia&parent=260417"}],"wp:term":[{"taxonomy":"category","embeddable":true,"href":"https:\/\/archive.sana.sy\/es\/index.php?rest_route=%2Fwp%2Fv2%2Fcategories&post=260417"},{"taxonomy":"post_tag","embeddable":true,"href":"https:\/\/archive.sana.sy\/es\/index.php?rest_route=%2Fwp%2Fv2%2Ftags&post=260417"}],"curies":[{"name":"wp","href":"https:\/\/api.w.org\/{rel}","templated":true}]}}