{"id":260424,"date":"2022-11-02T14:45:58","date_gmt":"2022-11-02T12:45:58","guid":{"rendered":"http:\/\/107.6.182.27\/es\/?p=260424"},"modified":"2022-11-02T14:45:58","modified_gmt":"2022-11-02T12:45:58","slug":"%f0%9f%87%b8%f0%9f%87%be%f0%9f%87%ae%f0%9f%87%b7-canciller-sirio-afirma-desde-teheran-que-la-embestida-occidental-contra-siria-e-iran-apunta-a-socavar-sus-posiciones-anti-hegemonicas-en-el-mundo","status":"publish","type":"post","link":"https:\/\/archive.sana.sy\/es\/?p=260424","title":{"rendered":"???????????????? Canciller sirio afirma desde Teher\u00e1n que la embestida occidental contra Siria e Ir\u00e1n apunta a socavar sus posiciones anti hegem\u00f3nicas  en el mundo"},"content":{"rendered":"","protected":false},"excerpt":{"rendered":"","protected":false},"author":32,"featured_media":0,"comment_status":"closed","ping_status":"closed","sticky":false,"template":"","format":"standard","meta":{"footnotes":""},"categories":[596],"tags":[],"class_list":["post-260424","post","type-post","status-publish","format-standard","","category-urgente"],"_links":{"self":[{"href":"https:\/\/archive.sana.sy\/es\/index.php?rest_route=\/wp\/v2\/posts\/260424"}],"collection":[{"href":"https:\/\/archive.sana.sy\/es\/index.php?rest_route=\/wp\/v2\/posts"}],"about":[{"href":"https:\/\/archive.sana.sy\/es\/index.php?rest_route=\/wp\/v2\/types\/post"}],"author":[{"embeddable":true,"href":"https:\/\/archive.sana.sy\/es\/index.php?rest_route=\/wp\/v2\/users\/32"}],"replies":[{"embeddable":true,"href":"https:\/\/archive.sana.sy\/es\/index.php?rest_route=%2Fwp%2Fv2%2Fcomments&post=260424"}],"version-history":[{"count":0,"href":"https:\/\/archive.sana.sy\/es\/index.php?rest_route=\/wp\/v2\/posts\/260424\/revisions"}],"wp:attachment":[{"href":"https:\/\/archive.sana.sy\/es\/index.php?rest_route=%2Fwp%2Fv2%2Fmedia&parent=260424"}],"wp:term":[{"taxonomy":"category","embeddable":true,"href":"https:\/\/archive.sana.sy\/es\/index.php?rest_route=%2Fwp%2Fv2%2Fcategories&post=260424"},{"taxonomy":"post_tag","embeddable":true,"href":"https:\/\/archive.sana.sy\/es\/index.php?rest_route=%2Fwp%2Fv2%2Ftags&post=260424"}],"curies":[{"name":"wp","href":"https:\/\/api.w.org\/{rel}","templated":true}]}}