{"id":260431,"date":"2022-11-02T15:56:12","date_gmt":"2022-11-02T13:56:12","guid":{"rendered":"http:\/\/107.6.182.27\/es\/?p=260431"},"modified":"2023-01-10T14:02:31","modified_gmt":"2023-01-10T12:02:31","slug":"conversaciones-sirio-iranies-para-consolidar-la-cooperacion-binacional-en-materia-de-salud","status":"publish","type":"post","link":"https:\/\/archive.sana.sy\/es\/?p=260431","title":{"rendered":"Conversaciones sirio-iran\u00edes para consolidar la cooperaci\u00f3n binacional en materia de salud"},"content":{"rendered":"<p style=\"text-align: justify\"><span style=\"color: #800000\"><strong>Teher\u00e1n, 02 nov (SANA)<\/strong> <\/span>La diputada y vicepresidenta del Comit\u00e9 de Amistad Siria-Ir\u00e1n, Haifa Jumaa discuti\u00f3 con el titular de Salud iran\u00ed, Dr. Bahram Ein Allah, las v\u00edas de consolidar la cooperaci\u00f3n binacional en materia de salud.<\/p>\n<p style=\"text-align: justify\">Durante la reuni\u00f3n que tuvo lugar en Teher\u00e1n, Jumaa subray\u00f3 la necesidad de beneficiarse de la experiencia iran\u00ed en los campos m\u00e9dicos, terap\u00e9uticos y farmac\u00e9uticos, y dirigi\u00f3 un llamado a Ir\u00e1n para que participe en la reconstrucci\u00f3n de la infraestructura del sector de salud en Siria que sufri\u00f3 da\u00f1os debido a los actos terroristas.<\/p>\n<p style=\"text-align: justify\">Expres\u00f3 la disposici\u00f3n del Parlamento sirio a promulgar leyes y reglamentos que agilicen la implementaci\u00f3n de los acuerdos firmados ente ambas partes, lo cual ayudar\u00e1 a enfrentar el injusto bloqueo econ\u00f3mico aplicado contra los dos pa\u00edses amigos.<\/p>\n<p><img loading=\"lazy\" decoding=\"async\" class=\"size-medium wp-image-260433 alignleft\" src=\"http:\/\/107.6.182.27\/es\/wp-content\/uploads\/2022\/11\/haifaa-jumaa-2-1-300x198.jpg\" alt=\"\" width=\"300\" height=\"198\" srcset=\"https:\/\/archive.sana.sy\/es\/wp-content\/uploads\/2022\/11\/haifaa-jumaa-2-1-300x198.jpg 300w, https:\/\/archive.sana.sy\/es\/wp-content\/uploads\/2022\/11\/haifaa-jumaa-2-1-150x99.jpg 150w, https:\/\/archive.sana.sy\/es\/wp-content\/uploads\/2022\/11\/haifaa-jumaa-2-1-310x205.jpg 310w, https:\/\/archive.sana.sy\/es\/wp-content\/uploads\/2022\/11\/haifaa-jumaa-2-1.jpg 660w\" sizes=\"(max-width: 300px) 100vw, 300px\" \/><\/p>\n<p style=\"text-align: justify\">A su vez, Ain Allah expres\u00f3 la disposici\u00f3n de su pa\u00eds a cooperar con Siria y formar un comit\u00e9 integrado de miembros de la Asamblea del Pueblo siria y el Consejo de Shura iran\u00ed, con el fin de activar los acuerdos concluidos, rehabilitar la infraestructura de salud que destruy\u00f3 el terrorismo y brindar formaci\u00f3n a los recursos humanos sirios en los \u00e1mbitos de salud y tecnolog\u00eda.<\/p>\n<p style=\"text-align: justify\">En otro contexto, Jumaa sostuvo otra reuni\u00f3n con Anisa Khazali Zadeh, Asistente del Presidente de la Rep\u00fablica de Ir\u00e1n para Asuntos de la Mujer.<\/p>\n<p style=\"text-align: justify\">Durante el encuentro se intercambiaron puntos de vista sobre temas relacionados con los derechos de la mujer y los diversos desaf\u00edos al respecto.<\/p>\n<p style=\"text-align: justify\">la<\/p>\n","protected":false},"excerpt":{"rendered":"<p>Teher\u00e1n, 02 nov (SANA) La diputada y vicepresidenta del Comit\u00e9 de Amistad Siria-Ir\u00e1n, Haifa Jumaa discuti\u00f3 con el titular de Salud iran\u00ed, Dr. Bahram Ein Allah, las v\u00edas de consolidar la cooperaci\u00f3n binacional en materia de salud. Durante la reuni\u00f3n que tuvo lugar en Teher\u00e1n, Jumaa subray\u00f3 la necesidad de beneficiarse de la experiencia iran\u00ed &hellip;<\/p>\n","protected":false},"author":24,"featured_media":260434,"comment_status":"closed","ping_status":"closed","sticky":false,"template":"","format":"standard","meta":{"footnotes":""},"categories":[447,597,20724,467,7541],"tags":[],"class_list":["post-260431","post","type-post","status-publish","format-standard","has-post-thumbnail","","category-local-politica","category-cinta-de-noticias","category-minuto-a-minuto","category-siria-y-el-mundo","category-ultimas-noticias"],"_links":{"self":[{"href":"https:\/\/archive.sana.sy\/es\/index.php?rest_route=\/wp\/v2\/posts\/260431"}],"collection":[{"href":"https:\/\/archive.sana.sy\/es\/index.php?rest_route=\/wp\/v2\/posts"}],"about":[{"href":"https:\/\/archive.sana.sy\/es\/index.php?rest_route=\/wp\/v2\/types\/post"}],"author":[{"embeddable":true,"href":"https:\/\/archive.sana.sy\/es\/index.php?rest_route=\/wp\/v2\/users\/24"}],"replies":[{"embeddable":true,"href":"https:\/\/archive.sana.sy\/es\/index.php?rest_route=%2Fwp%2Fv2%2Fcomments&post=260431"}],"version-history":[{"count":0,"href":"https:\/\/archive.sana.sy\/es\/index.php?rest_route=\/wp\/v2\/posts\/260431\/revisions"}],"wp:featuredmedia":[{"embeddable":true,"href":"https:\/\/archive.sana.sy\/es\/index.php?rest_route=\/wp\/v2\/media\/260434"}],"wp:attachment":[{"href":"https:\/\/archive.sana.sy\/es\/index.php?rest_route=%2Fwp%2Fv2%2Fmedia&parent=260431"}],"wp:term":[{"taxonomy":"category","embeddable":true,"href":"https:\/\/archive.sana.sy\/es\/index.php?rest_route=%2Fwp%2Fv2%2Fcategories&post=260431"},{"taxonomy":"post_tag","embeddable":true,"href":"https:\/\/archive.sana.sy\/es\/index.php?rest_route=%2Fwp%2Fv2%2Ftags&post=260431"}],"curies":[{"name":"wp","href":"https:\/\/api.w.org\/{rel}","templated":true}]}}