{"id":260481,"date":"2022-11-02T19:55:32","date_gmt":"2022-11-02T17:55:32","guid":{"rendered":"http:\/\/107.6.182.27\/es\/?p=260481"},"modified":"2022-11-02T19:55:32","modified_gmt":"2022-11-02T17:55:32","slug":"canciller-sirio-se-reune-con-el-secretario-del-consejo-supremo-de-seguridad-nacional-de-iran","status":"publish","type":"post","link":"https:\/\/archive.sana.sy\/es\/?p=260481","title":{"rendered":"Canciller sirio se re\u00fane con el secretario del Consejo Supremo de Seguridad Nacional de Ir\u00e1n"},"content":{"rendered":"<p style=\"text-align: justify;\"><span style=\"color: #800000;\"><strong>Teher\u00e1n, 1 nov (SANA)<\/strong> <\/span>El canciller de Siria, Faisal al-Mekdad, abord\u00f3 el mi\u00e9rcoles con el secretario del Consejo Supremo de Seguridad Nacional de Ir\u00e1n, Ali Shamkhani, las relaciones bilaterales y los \u00faltimos desarrollos en el \u00e1mbito regional e internacional.<\/p>\n<p style=\"text-align: justify;\">El ministro al-Mekdad conden\u00f3 los planes occidentales e israel\u00edes destinados a socavar la firmeza de Ir\u00e1n, reiterando el apoyo de Siria a Ir\u00e1n y su confianza en su victoria, al igual que Siria gan\u00f3 su guerra contra el terrorismo.<\/p>\n<p style=\"text-align: justify;\">Por su parte, Shamkhani expres\u00f3 su reconocimiento por la postura siria en solidaridad con su pa\u00eds, y agradeci\u00f3 al liderazgo y el pueblo sirios, asimismo conden\u00f3 los ataques sionistas en territorio sirio, que constituyen una continuaci\u00f3n de los brutales ataques de la entidad contra Palestina y el L\u00edbano.<\/p>\n<p style=\"text-align: justify;\">El alto funcionario iran\u00ed enfatiz\u00f3 que la resistencia y la firmeza representan la \u00fanica forma de enfrentar a esta entidad usurpadora.<\/p>\n<p style=\"text-align: justify;\">Cabe se\u00f1alar que el ministro de Relaciones Exteriores y Expatriados, Faisal Al-Mekdad, inici\u00f3 el pasado martes una visita a la capital iran\u00ed, Teher\u00e1n, durante la cual sostendr\u00e1 conversaciones con su hom\u00f3logo iran\u00ed, Hussein Amir Abdullahian, y altos funcionarios iran\u00edes.<\/p>\n<p>mm<\/p>\n","protected":false},"excerpt":{"rendered":"<p>Teher\u00e1n, 1 nov (SANA) El canciller de Siria, Faisal al-Mekdad, abord\u00f3 el mi\u00e9rcoles con el secretario del Consejo Supremo de Seguridad Nacional de Ir\u00e1n, Ali Shamkhani, las relaciones bilaterales y los \u00faltimos desarrollos en el \u00e1mbito regional e internacional. El ministro al-Mekdad conden\u00f3 los planes occidentales e israel\u00edes destinados a socavar la firmeza de Ir\u00e1n, &hellip;<\/p>\n","protected":false},"author":36,"featured_media":260483,"comment_status":"closed","ping_status":"closed","sticky":false,"template":"","format":"standard","meta":{"footnotes":""},"categories":[597,20724,467,7541],"tags":[],"class_list":["post-260481","post","type-post","status-publish","format-standard","has-post-thumbnail","","category-cinta-de-noticias","category-minuto-a-minuto","category-siria-y-el-mundo","category-ultimas-noticias"],"_links":{"self":[{"href":"https:\/\/archive.sana.sy\/es\/index.php?rest_route=\/wp\/v2\/posts\/260481"}],"collection":[{"href":"https:\/\/archive.sana.sy\/es\/index.php?rest_route=\/wp\/v2\/posts"}],"about":[{"href":"https:\/\/archive.sana.sy\/es\/index.php?rest_route=\/wp\/v2\/types\/post"}],"author":[{"embeddable":true,"href":"https:\/\/archive.sana.sy\/es\/index.php?rest_route=\/wp\/v2\/users\/36"}],"replies":[{"embeddable":true,"href":"https:\/\/archive.sana.sy\/es\/index.php?rest_route=%2Fwp%2Fv2%2Fcomments&post=260481"}],"version-history":[{"count":0,"href":"https:\/\/archive.sana.sy\/es\/index.php?rest_route=\/wp\/v2\/posts\/260481\/revisions"}],"wp:featuredmedia":[{"embeddable":true,"href":"https:\/\/archive.sana.sy\/es\/index.php?rest_route=\/wp\/v2\/media\/260483"}],"wp:attachment":[{"href":"https:\/\/archive.sana.sy\/es\/index.php?rest_route=%2Fwp%2Fv2%2Fmedia&parent=260481"}],"wp:term":[{"taxonomy":"category","embeddable":true,"href":"https:\/\/archive.sana.sy\/es\/index.php?rest_route=%2Fwp%2Fv2%2Fcategories&post=260481"},{"taxonomy":"post_tag","embeddable":true,"href":"https:\/\/archive.sana.sy\/es\/index.php?rest_route=%2Fwp%2Fv2%2Ftags&post=260481"}],"curies":[{"name":"wp","href":"https:\/\/api.w.org\/{rel}","templated":true}]}}