{"id":260486,"date":"2022-11-02T20:45:15","date_gmt":"2022-11-02T18:45:15","guid":{"rendered":"http:\/\/107.6.182.27\/es\/?p=260486"},"modified":"2023-01-10T15:50:51","modified_gmt":"2023-01-10T13:50:51","slug":"hallan-crateres-en-el-lugar-de-las-explosiones-del-gasoducto-nord-stream","status":"publish","type":"post","link":"https:\/\/archive.sana.sy\/es\/?p=260486","title":{"rendered":"Hallan cr\u00e1teres en el lugar de las explosiones del gasoducto Nord Stream"},"content":{"rendered":"<blockquote><p><span style=\"color: #808080;\"><strong>&#8220;El radio de dispersi\u00f3n de fragmentos de la tuber\u00eda es de no menos de 250 metros&#8221;, inform\u00f3, agregando que los especialistas siguen analizando los datos obtenidos.<\/strong><\/span><\/p><\/blockquote>\n<p style=\"text-align: justify;\"><span style=\"color: #800000;\"><strong>Mosc\u00fa, 2 nov (SANA)<\/strong><\/span> El operador del gasoducto Nord Stream anunci\u00f3 que concluy\u00f3 la recopilaci\u00f3n preliminar de datos en el lugar de la tuber\u00eda que sufri\u00f3 da\u00f1os, en la zona econ\u00f3mica exclusiva de Suecia.<\/p>\n<p style=\"text-align: justify;\">&#8220;Seg\u00fan resultados preliminares de la inspecci\u00f3n en el lugar de las destrucciones, en el fondo marino, fueron encontrados unos cr\u00e1teres de car\u00e1cter tecnog\u00e9nico de entre tres y cinco metros de profundidad a una distancia de, aproximadamente, 248 metros uno de otro&#8221;, reza su comunicado citado por RT.<\/p>\n<p style=\"text-align: justify;\">&#8220;El radio de dispersi\u00f3n de fragmentos de la tuber\u00eda es de no menos de 250 metros&#8221;, inform\u00f3, agregando que los especialistas siguen analizando los datos obtenidos.<\/p>\n<p style=\"text-align: justify;\">Las potentes explosiones en los gasoductos Nord Stream 1 y Nord Stream 2 tuvieron lugar el 26 de septiembre. En consecuencia, se detectaron fugas de gas en el mar.<\/p>\n<p>fm\/mm<\/p>\n","protected":false},"excerpt":{"rendered":"<p>&#8220;El radio de dispersi\u00f3n de fragmentos de la tuber\u00eda es de no menos de 250 metros&#8221;, inform\u00f3, agregando que los especialistas siguen analizando los datos obtenidos. Mosc\u00fa, 2 nov (SANA) El operador del gasoducto Nord Stream anunci\u00f3 que concluy\u00f3 la recopilaci\u00f3n preliminar de datos en el lugar de la tuber\u00eda que sufri\u00f3 da\u00f1os, en la &hellip;<\/p>\n","protected":false},"author":36,"featured_media":260487,"comment_status":"closed","ping_status":"closed","sticky":false,"template":"","format":"standard","meta":{"footnotes":""},"categories":[597,456,20724,457],"tags":[],"class_list":["post-260486","post","type-post","status-publish","format-standard","has-post-thumbnail","","category-cinta-de-noticias","category-arabe-internacional-politica","category-minuto-a-minuto","category-noticias-arabe-internacional-politica"],"_links":{"self":[{"href":"https:\/\/archive.sana.sy\/es\/index.php?rest_route=\/wp\/v2\/posts\/260486"}],"collection":[{"href":"https:\/\/archive.sana.sy\/es\/index.php?rest_route=\/wp\/v2\/posts"}],"about":[{"href":"https:\/\/archive.sana.sy\/es\/index.php?rest_route=\/wp\/v2\/types\/post"}],"author":[{"embeddable":true,"href":"https:\/\/archive.sana.sy\/es\/index.php?rest_route=\/wp\/v2\/users\/36"}],"replies":[{"embeddable":true,"href":"https:\/\/archive.sana.sy\/es\/index.php?rest_route=%2Fwp%2Fv2%2Fcomments&post=260486"}],"version-history":[{"count":0,"href":"https:\/\/archive.sana.sy\/es\/index.php?rest_route=\/wp\/v2\/posts\/260486\/revisions"}],"wp:featuredmedia":[{"embeddable":true,"href":"https:\/\/archive.sana.sy\/es\/index.php?rest_route=\/wp\/v2\/media\/260487"}],"wp:attachment":[{"href":"https:\/\/archive.sana.sy\/es\/index.php?rest_route=%2Fwp%2Fv2%2Fmedia&parent=260486"}],"wp:term":[{"taxonomy":"category","embeddable":true,"href":"https:\/\/archive.sana.sy\/es\/index.php?rest_route=%2Fwp%2Fv2%2Fcategories&post=260486"},{"taxonomy":"post_tag","embeddable":true,"href":"https:\/\/archive.sana.sy\/es\/index.php?rest_route=%2Fwp%2Fv2%2Ftags&post=260486"}],"curies":[{"name":"wp","href":"https:\/\/api.w.org\/{rel}","templated":true}]}}