{"id":260489,"date":"2022-11-02T21:21:03","date_gmt":"2022-11-02T19:21:03","guid":{"rendered":"http:\/\/107.6.182.27\/es\/?p=260489"},"modified":"2022-11-02T21:21:03","modified_gmt":"2022-11-02T19:21:03","slug":"siria-exige-en-la-onu-el-levantamiento-inmediato-del-injusto-bloqueo-estadounidense-impuesto-a-cuba","status":"publish","type":"post","link":"https:\/\/archive.sana.sy\/es\/?p=260489","title":{"rendered":"Siria exige en la ONU el levantamiento inmediato del injusto bloqueo estadounidense impuesto a Cuba"},"content":{"rendered":"<blockquote><p><strong><span style=\"color: #808080;\">\u201cEste cerco constituye una grave violaci\u00f3n de la Carta de las Naciones Unidas y una violaci\u00f3n sistem\u00e1tica de los derechos humanos cubanos, y es considerado como la medida coercitiva unilateral m\u00e1s larga y prolongada, peligrosa\u201d<\/span><\/strong><\/p><\/blockquote>\n<p style=\"text-align: justify;\"><span style=\"color: #800000;\"><strong>Nueva York, 2 nov (SANA)<\/strong><\/span> El representante permanente de Siria ante las Naciones Unidas, Bassam Sabbagh, reiter\u00f3 el inquebrantable y continuo apoyo de Siria a la firmeza del pueblo amigo cubano frente al injusto e ilegal bloqueo estadounidense mantenido desde 1962.<\/p>\n<p style=\"text-align: justify;\">\u201cEste cerco constituye una grave violaci\u00f3n de la Carta de las Naciones Unidas y una violaci\u00f3n sistem\u00e1tica de los derechos humanos cubanos, y es considerado como la medida coercitiva unilateral m\u00e1s larga y prolongada, peligrosa, y es el principal obst\u00e1culo para alcanzar las metas de la Agenda 2030 para el Desarrollo Sostenible\u201d, declar\u00f3 el diplom\u00e1tico sirio en su intervenci\u00f3n en la sesi\u00f3n de la Asamblea General de la ONU dedicada a debatir el proyecto de resoluci\u00f3n cubano sobre la necesidad de poner fin al embargo econ\u00f3mico, comercial y financiero impuesto por los Estados Unidos a Cuba\u201d.<\/p>\n<p style=\"text-align: justify;\">Seg\u00fan Sabbagh, &#8220;La delegaci\u00f3n siria se enorgullece de haber votado consistentemente a favor del proyecto de resoluci\u00f3n que se presenta a la Asamblea General cada a\u00f1o\u201d, y agreg\u00f3 que a votaci\u00f3n anual de esta resoluci\u00f3n es un mensaje fuerte que llama a las sucesivas administraciones estadounidenses a levantar su injusto bloqueo impuesto al pueblo cubano.<\/p>\n<p style=\"text-align: justify;\">El delegado subray\u00f3 que la Rep\u00fablica \u00c1rabe Siria, al igual que Cuba y otros pa\u00edses, sigue siendo hasta el d\u00eda de hoy, el objetivo de muchas medidas coercitivas unilaterales e ilegales impuestas por Estados Unidos de manera unilateral e ilegal, fuera del marco de las Naciones Unidas y legitimidad internacional.<\/p>\n<p style=\"text-align: justify;\">\u201cYa no es aceptable que nadie llame al respeto de la Carta de las Naciones Unidas, el derecho internacional humanitario y los derechos humanos sin exigir el cese inmediato de estas medidas injustas, inmorales e inhumanas que unos Estados imponen a otros\u201d, concluy\u00f3.<\/p>\n<p>mm\/fm<\/p>\n","protected":false},"excerpt":{"rendered":"<p>\u201cEste cerco constituye una grave violaci\u00f3n de la Carta de las Naciones Unidas y una violaci\u00f3n sistem\u00e1tica de los derechos humanos cubanos, y es considerado como la medida coercitiva unilateral m\u00e1s larga y prolongada, peligrosa\u201d Nueva York, 2 nov (SANA) El representante permanente de Siria ante las Naciones Unidas, Bassam Sabbagh, reiter\u00f3 el inquebrantable y &hellip;<\/p>\n","protected":false},"author":36,"featured_media":260490,"comment_status":"closed","ping_status":"closed","sticky":false,"template":"","format":"standard","meta":{"footnotes":""},"categories":[597,20724,467,583],"tags":[],"class_list":["post-260489","post","type-post","status-publish","format-standard","has-post-thumbnail","","category-cinta-de-noticias","category-minuto-a-minuto","category-siria-y-el-mundo","category-slide"],"_links":{"self":[{"href":"https:\/\/archive.sana.sy\/es\/index.php?rest_route=\/wp\/v2\/posts\/260489"}],"collection":[{"href":"https:\/\/archive.sana.sy\/es\/index.php?rest_route=\/wp\/v2\/posts"}],"about":[{"href":"https:\/\/archive.sana.sy\/es\/index.php?rest_route=\/wp\/v2\/types\/post"}],"author":[{"embeddable":true,"href":"https:\/\/archive.sana.sy\/es\/index.php?rest_route=\/wp\/v2\/users\/36"}],"replies":[{"embeddable":true,"href":"https:\/\/archive.sana.sy\/es\/index.php?rest_route=%2Fwp%2Fv2%2Fcomments&post=260489"}],"version-history":[{"count":0,"href":"https:\/\/archive.sana.sy\/es\/index.php?rest_route=\/wp\/v2\/posts\/260489\/revisions"}],"wp:featuredmedia":[{"embeddable":true,"href":"https:\/\/archive.sana.sy\/es\/index.php?rest_route=\/wp\/v2\/media\/260490"}],"wp:attachment":[{"href":"https:\/\/archive.sana.sy\/es\/index.php?rest_route=%2Fwp%2Fv2%2Fmedia&parent=260489"}],"wp:term":[{"taxonomy":"category","embeddable":true,"href":"https:\/\/archive.sana.sy\/es\/index.php?rest_route=%2Fwp%2Fv2%2Fcategories&post=260489"},{"taxonomy":"post_tag","embeddable":true,"href":"https:\/\/archive.sana.sy\/es\/index.php?rest_route=%2Fwp%2Fv2%2Ftags&post=260489"}],"curies":[{"name":"wp","href":"https:\/\/api.w.org\/{rel}","templated":true}]}}