{"id":260522,"date":"2022-11-03T11:32:55","date_gmt":"2022-11-03T09:32:55","guid":{"rendered":"http:\/\/107.6.182.27\/es\/?p=260522"},"modified":"2023-01-10T15:50:50","modified_gmt":"2023-01-10T13:50:50","slug":"otro-palestino-muerto-por-disparos-israelies-en-jerusalen-ocupada","status":"publish","type":"post","link":"https:\/\/archive.sana.sy\/es\/?p=260522","title":{"rendered":"Otro palestino muerto por disparos israel\u00edes en Jerusal\u00e9n ocupada"},"content":{"rendered":"<p style=\"text-align: justify;\"><span style=\"color: #800000;\"><strong>Jerusal\u00e9n ocupada, 3 nov (SANA)<\/strong><\/span>\u00a0 \u00a0Un joven palestino perdi\u00f3 su vida este jueves por disparos del ej\u00e9rcito israel\u00ed despu\u00e9s de atacar uno de sus puestos de control en la Ciudad Vieja de Jerusal\u00e9n ocupada.<\/p>\n<p style=\"text-align: justify;\">El ataque provoc\u00f3 lesiones a tres militares israel\u00edes, seg\u00fan informaron medios palestinos.<\/p>\n<p style=\"text-align: justify;\">Las fuerzas de ocupaci\u00f3n israel\u00edes impidieron que las ambulancias llegaran al lugar donde result\u00f3 herido el joven Badr Amer, de 20 a\u00f1os, dej\u00e1ndolo desangrado hasta morir, y detuvieron su cuerpo, agregaron<\/p>\n<p style=\"text-align: justify;\">Otro palestino muri\u00f3 este madrugada por disparos israel\u00edes en la ciudad de Beit Duqu, al noroeste de la Jerusal\u00e9n ocupada.<\/p>\n<p style=\"text-align: justify;\">ws\/fm\/ed<\/p>\n","protected":false},"excerpt":{"rendered":"<p>Jerusal\u00e9n ocupada, 3 nov (SANA)\u00a0 \u00a0Un joven palestino perdi\u00f3 su vida este jueves por disparos del ej\u00e9rcito israel\u00ed despu\u00e9s de atacar uno de sus puestos de control en la Ciudad Vieja de Jerusal\u00e9n ocupada. El ataque provoc\u00f3 lesiones a tres militares israel\u00edes, seg\u00fan informaron medios palestinos. Las fuerzas de ocupaci\u00f3n israel\u00edes impidieron que las ambulancias &hellip;<\/p>\n","protected":false},"author":32,"featured_media":260523,"comment_status":"closed","ping_status":"closed","sticky":false,"template":"","format":"standard","meta":{"footnotes":""},"categories":[597,456,7541],"tags":[],"class_list":["post-260522","post","type-post","status-publish","format-standard","has-post-thumbnail","","category-cinta-de-noticias","category-arabe-internacional-politica","category-ultimas-noticias"],"_links":{"self":[{"href":"https:\/\/archive.sana.sy\/es\/index.php?rest_route=\/wp\/v2\/posts\/260522"}],"collection":[{"href":"https:\/\/archive.sana.sy\/es\/index.php?rest_route=\/wp\/v2\/posts"}],"about":[{"href":"https:\/\/archive.sana.sy\/es\/index.php?rest_route=\/wp\/v2\/types\/post"}],"author":[{"embeddable":true,"href":"https:\/\/archive.sana.sy\/es\/index.php?rest_route=\/wp\/v2\/users\/32"}],"replies":[{"embeddable":true,"href":"https:\/\/archive.sana.sy\/es\/index.php?rest_route=%2Fwp%2Fv2%2Fcomments&post=260522"}],"version-history":[{"count":0,"href":"https:\/\/archive.sana.sy\/es\/index.php?rest_route=\/wp\/v2\/posts\/260522\/revisions"}],"wp:featuredmedia":[{"embeddable":true,"href":"https:\/\/archive.sana.sy\/es\/index.php?rest_route=\/wp\/v2\/media\/260523"}],"wp:attachment":[{"href":"https:\/\/archive.sana.sy\/es\/index.php?rest_route=%2Fwp%2Fv2%2Fmedia&parent=260522"}],"wp:term":[{"taxonomy":"category","embeddable":true,"href":"https:\/\/archive.sana.sy\/es\/index.php?rest_route=%2Fwp%2Fv2%2Fcategories&post=260522"},{"taxonomy":"post_tag","embeddable":true,"href":"https:\/\/archive.sana.sy\/es\/index.php?rest_route=%2Fwp%2Fv2%2Ftags&post=260522"}],"curies":[{"name":"wp","href":"https:\/\/api.w.org\/{rel}","templated":true}]}}