{"id":260525,"date":"2022-11-03T11:51:27","date_gmt":"2022-11-03T09:51:27","guid":{"rendered":"http:\/\/107.6.182.27\/es\/?p=260525"},"modified":"2023-01-10T15:12:14","modified_gmt":"2023-01-10T13:12:14","slug":"provincia-siria-produce-mas-de-18-mil-toneladas-de-algodon","status":"publish","type":"post","link":"https:\/\/archive.sana.sy\/es\/?p=260525","title":{"rendered":"Provincia siria produce m\u00e1s de 18 mil toneladas de algod\u00f3n"},"content":{"rendered":"<p style=\"text-align: justify;\"><span style=\"color: #800000;\"><strong>Hasakeh, 03 nov (SANA)\u00a0<\/strong><\/span> \u00a0 Los agricultores en la provincia nororiental siria de Hasakeh concluyeron su temporada de cosecha de algod\u00f3n y la producci\u00f3n se estima en m\u00e1s de 18.025 toneladas.<\/p>\n<p style=\"text-align: justify;\">El jefe del Departamento de Producci\u00f3n Vegetal, Jalal Bilal, dijo que las tierras sembradas con algod\u00f3n en la temporada actual ascendieron a 5910 hect\u00e1reas.<\/p>\n<p style=\"text-align: justify;\">El \u00e1rea sembrada con algod\u00f3n en la referida provincia durante la \u00faltima temporada ascendi\u00f3 a 4.679 hect\u00e1reas.<\/p>\n<p style=\"text-align: justify;\">ed\/fm<\/p>\n","protected":false},"excerpt":{"rendered":"<p>Hasakeh, 03 nov (SANA)\u00a0 \u00a0 Los agricultores en la provincia nororiental siria de Hasakeh concluyeron su temporada de cosecha de algod\u00f3n y la producci\u00f3n se estima en m\u00e1s de 18.025 toneladas. El jefe del Departamento de Producci\u00f3n Vegetal, Jalal Bilal, dijo que las tierras sembradas con algod\u00f3n en la temporada actual ascendieron a 5910 hect\u00e1reas. &hellip;<\/p>\n","protected":false},"author":32,"featured_media":260526,"comment_status":"closed","ping_status":"closed","sticky":false,"template":"","format":"standard","meta":{"footnotes":""},"categories":[477,597,16686,485,476],"tags":[],"class_list":["post-260525","post","type-post","status-publish","format-standard","has-post-thumbnail","","category-noticias-edulcorantes","category-cinta-de-noticias","category-economia","category-informes-negocios-y-finanzas","category-locales"],"_links":{"self":[{"href":"https:\/\/archive.sana.sy\/es\/index.php?rest_route=\/wp\/v2\/posts\/260525"}],"collection":[{"href":"https:\/\/archive.sana.sy\/es\/index.php?rest_route=\/wp\/v2\/posts"}],"about":[{"href":"https:\/\/archive.sana.sy\/es\/index.php?rest_route=\/wp\/v2\/types\/post"}],"author":[{"embeddable":true,"href":"https:\/\/archive.sana.sy\/es\/index.php?rest_route=\/wp\/v2\/users\/32"}],"replies":[{"embeddable":true,"href":"https:\/\/archive.sana.sy\/es\/index.php?rest_route=%2Fwp%2Fv2%2Fcomments&post=260525"}],"version-history":[{"count":0,"href":"https:\/\/archive.sana.sy\/es\/index.php?rest_route=\/wp\/v2\/posts\/260525\/revisions"}],"wp:featuredmedia":[{"embeddable":true,"href":"https:\/\/archive.sana.sy\/es\/index.php?rest_route=\/wp\/v2\/media\/260526"}],"wp:attachment":[{"href":"https:\/\/archive.sana.sy\/es\/index.php?rest_route=%2Fwp%2Fv2%2Fmedia&parent=260525"}],"wp:term":[{"taxonomy":"category","embeddable":true,"href":"https:\/\/archive.sana.sy\/es\/index.php?rest_route=%2Fwp%2Fv2%2Fcategories&post=260525"},{"taxonomy":"post_tag","embeddable":true,"href":"https:\/\/archive.sana.sy\/es\/index.php?rest_route=%2Fwp%2Fv2%2Ftags&post=260525"}],"curies":[{"name":"wp","href":"https:\/\/api.w.org\/{rel}","templated":true}]}}