{"id":260528,"date":"2022-11-03T11:59:09","date_gmt":"2022-11-03T09:59:09","guid":{"rendered":"http:\/\/107.6.182.27\/es\/?p=260528"},"modified":"2022-11-03T21:01:27","modified_gmt":"2022-11-03T19:01:27","slug":"mekdad-y-velayati-confirman-profundas-relaciones-historicas-entre-siria-e-iran","status":"publish","type":"post","link":"https:\/\/archive.sana.sy\/es\/?p=260528","title":{"rendered":"Mekdad y Velayati confirman profundas relaciones hist\u00f3ricas entre Siria e Ir\u00e1n"},"content":{"rendered":"<p style=\"text-align: justify;\"><span style=\"color: #800000;\"><strong>Teher\u00e1n, 3 nov (SANA)\u00a0<\/strong><\/span> \u00a0El ministro de Exteriores y Expatriados, Faisal Al-Mekdad, repas\u00f3 con el asesor del L\u00edder de la Revoluci\u00f3n Isl\u00e1mica de Ir\u00e1n para Asuntos Internacionales, Ali Akbar Velayati, las relaciones bilaterales estrat\u00e9gicas entre los dos pa\u00edses, los \u00faltimos desarrollos en el \u00e1mbito regional e internacional, y la coordinaci\u00f3n de posturas entre los dos pa\u00edses amigos.<\/p>\n<p style=\"text-align: justify;\">Durante su reuni\u00f3n en Teher\u00e1n, el Canciller sirio destac\u00f3 las profundas e hist\u00f3ricas relaciones sirio-iran\u00edes, que han llegado a una etapa que se es muy dif\u00edcil socavarlas, gracias a la firmeza de los pueblos de los dos pa\u00edses y la sabidur\u00eda de sus l\u00edderes.<\/p>\n<p style=\"text-align: justify;\">Elogi\u00f3 la sabidur\u00eda del liderazgo iran\u00ed en su manejo de los recientes sucesos ocurridos en Ir\u00e1n y que fueron instigados y apoyados por las potencias occidentales y la entidad de ocupaci\u00f3n israel\u00ed.<\/p>\n<p style=\"text-align: justify;\">Por su parte, Velayati afirm\u00f3 el apego de Ir\u00e1n al liderazgo y al pueblo de Siria y el apoyo en todos los niveles.<\/p>\n<p style=\"text-align: justify;\">Salud\u00f3 los logros del Ej\u00e9rcito \u00c1rabe Sirio y el eje de resistencia frente al terrorismo.<\/p>\n<p style=\"text-align: justify;\">fm\/ed<\/p>\n<p style=\"text-align: justify;\">\n","protected":false},"excerpt":{"rendered":"<p>Teher\u00e1n, 3 nov (SANA)\u00a0 \u00a0El ministro de Exteriores y Expatriados, Faisal Al-Mekdad, repas\u00f3 con el asesor del L\u00edder de la Revoluci\u00f3n Isl\u00e1mica de Ir\u00e1n para Asuntos Internacionales, Ali Akbar Velayati, las relaciones bilaterales estrat\u00e9gicas entre los dos pa\u00edses, los \u00faltimos desarrollos en el \u00e1mbito regional e internacional, y la coordinaci\u00f3n de posturas entre los dos &hellip;<\/p>\n","protected":false},"author":32,"featured_media":260529,"comment_status":"closed","ping_status":"closed","sticky":false,"template":"","format":"standard","meta":{"footnotes":""},"categories":[597,467,583],"tags":[],"class_list":["post-260528","post","type-post","status-publish","format-standard","has-post-thumbnail","","category-cinta-de-noticias","category-siria-y-el-mundo","category-slide"],"_links":{"self":[{"href":"https:\/\/archive.sana.sy\/es\/index.php?rest_route=\/wp\/v2\/posts\/260528"}],"collection":[{"href":"https:\/\/archive.sana.sy\/es\/index.php?rest_route=\/wp\/v2\/posts"}],"about":[{"href":"https:\/\/archive.sana.sy\/es\/index.php?rest_route=\/wp\/v2\/types\/post"}],"author":[{"embeddable":true,"href":"https:\/\/archive.sana.sy\/es\/index.php?rest_route=\/wp\/v2\/users\/32"}],"replies":[{"embeddable":true,"href":"https:\/\/archive.sana.sy\/es\/index.php?rest_route=%2Fwp%2Fv2%2Fcomments&post=260528"}],"version-history":[{"count":0,"href":"https:\/\/archive.sana.sy\/es\/index.php?rest_route=\/wp\/v2\/posts\/260528\/revisions"}],"wp:featuredmedia":[{"embeddable":true,"href":"https:\/\/archive.sana.sy\/es\/index.php?rest_route=\/wp\/v2\/media\/260529"}],"wp:attachment":[{"href":"https:\/\/archive.sana.sy\/es\/index.php?rest_route=%2Fwp%2Fv2%2Fmedia&parent=260528"}],"wp:term":[{"taxonomy":"category","embeddable":true,"href":"https:\/\/archive.sana.sy\/es\/index.php?rest_route=%2Fwp%2Fv2%2Fcategories&post=260528"},{"taxonomy":"post_tag","embeddable":true,"href":"https:\/\/archive.sana.sy\/es\/index.php?rest_route=%2Fwp%2Fv2%2Ftags&post=260528"}],"curies":[{"name":"wp","href":"https:\/\/api.w.org\/{rel}","templated":true}]}}