{"id":260531,"date":"2022-11-03T12:36:00","date_gmt":"2022-11-03T10:36:00","guid":{"rendered":"http:\/\/107.6.182.27\/es\/?p=260531"},"modified":"2022-11-03T12:36:00","modified_gmt":"2022-11-03T10:36:00","slug":"cancilleres-de-jordania-y-rusia-subrayan-necesidad-de-preservar-la-integridad-territorial-de-siria","status":"publish","type":"post","link":"https:\/\/archive.sana.sy\/es\/?p=260531","title":{"rendered":"Cancilleres de Jordania y Rusia subrayan necesidad de preservar la integridad territorial de Siria"},"content":{"rendered":"<p style=\"text-align: justify;\"><span style=\"color: #800000;\"><strong>Am\u00e1n, 3 nov (SANA)<\/strong> <\/span>El ministro de Relaciones Exteriores de Rusia, Sergei Lavrov, reiter\u00f3 la necesidad de preservar la integridad territorial de Siria y resolver pol\u00edticamente la crisis.<\/p>\n<p style=\"text-align: justify;\">\u201cDiscutimos asuntos regionales e internacionales, prestamos especial atenci\u00f3n a la situaci\u00f3n en Siria&#8221;, dijo Lavrov durante una conferencia de prensa con su hom\u00f3logo jordano Ayman Safadi en Am\u00e1n.<\/p>\n<p style=\"text-align: justify;\">Seg\u00fan el jefe de la diplomacia rusa, se enfatiz\u00f3 la necesidad de preservar la integridad territorial de Siria y respetar su soberan\u00eda y el derecho de su pueblo para decidir su futuro lejos de cualquier injerencia externa, adem\u00e1s de encontrando una salida pol\u00edtica a la crisis.<\/p>\n<p style=\"text-align: justify;\">Los dos cancilleres tambi\u00e9n subrayaron la necesidad de facilitar la entrada de ayuda humanitaria a Siria de acuerdo con las resoluciones de Naciones Unidas.<\/p>\n<p style=\"text-align: justify;\">Con respecto al acuerdo para exportar granos a trav\u00e9s del Mar Negro, Lavrov enfatiz\u00f3 la importancia de implementar sus disposiciones en su totalidad, y se\u00f1al\u00f3 que su pa\u00eds reanud\u00f3 su participaci\u00f3n en el acuerdo luego de que Ucrania firmara garant\u00edas de que las rutas de granos no se utilizar\u00edan en ninguna acci\u00f3n militar.<\/p>\n<p style=\"text-align: justify;\">fm\/ed<\/p>\n","protected":false},"excerpt":{"rendered":"<p>Am\u00e1n, 3 nov (SANA) El ministro de Relaciones Exteriores de Rusia, Sergei Lavrov, reiter\u00f3 la necesidad de preservar la integridad territorial de Siria y resolver pol\u00edticamente la crisis. \u201cDiscutimos asuntos regionales e internacionales, prestamos especial atenci\u00f3n a la situaci\u00f3n en Siria&#8221;, dijo Lavrov durante una conferencia de prensa con su hom\u00f3logo jordano Ayman Safadi en &hellip;<\/p>\n","protected":false},"author":32,"featured_media":260532,"comment_status":"closed","ping_status":"closed","sticky":false,"template":"","format":"standard","meta":{"footnotes":""},"categories":[597,467,7541],"tags":[],"class_list":["post-260531","post","type-post","status-publish","format-standard","has-post-thumbnail","","category-cinta-de-noticias","category-siria-y-el-mundo","category-ultimas-noticias"],"_links":{"self":[{"href":"https:\/\/archive.sana.sy\/es\/index.php?rest_route=\/wp\/v2\/posts\/260531"}],"collection":[{"href":"https:\/\/archive.sana.sy\/es\/index.php?rest_route=\/wp\/v2\/posts"}],"about":[{"href":"https:\/\/archive.sana.sy\/es\/index.php?rest_route=\/wp\/v2\/types\/post"}],"author":[{"embeddable":true,"href":"https:\/\/archive.sana.sy\/es\/index.php?rest_route=\/wp\/v2\/users\/32"}],"replies":[{"embeddable":true,"href":"https:\/\/archive.sana.sy\/es\/index.php?rest_route=%2Fwp%2Fv2%2Fcomments&post=260531"}],"version-history":[{"count":0,"href":"https:\/\/archive.sana.sy\/es\/index.php?rest_route=\/wp\/v2\/posts\/260531\/revisions"}],"wp:featuredmedia":[{"embeddable":true,"href":"https:\/\/archive.sana.sy\/es\/index.php?rest_route=\/wp\/v2\/media\/260532"}],"wp:attachment":[{"href":"https:\/\/archive.sana.sy\/es\/index.php?rest_route=%2Fwp%2Fv2%2Fmedia&parent=260531"}],"wp:term":[{"taxonomy":"category","embeddable":true,"href":"https:\/\/archive.sana.sy\/es\/index.php?rest_route=%2Fwp%2Fv2%2Fcategories&post=260531"},{"taxonomy":"post_tag","embeddable":true,"href":"https:\/\/archive.sana.sy\/es\/index.php?rest_route=%2Fwp%2Fv2%2Ftags&post=260531"}],"curies":[{"name":"wp","href":"https:\/\/api.w.org\/{rel}","templated":true}]}}