{"id":260534,"date":"2022-11-03T14:07:20","date_gmt":"2022-11-03T12:07:20","guid":{"rendered":"http:\/\/107.6.182.27\/es\/?p=260534"},"modified":"2023-01-10T15:50:50","modified_gmt":"2023-01-10T13:50:50","slug":"cuba-presenta-hoy-en-la-onu-una-resolucion-de-condena-al-bloqueo-mas-largo-de-la-historia","status":"publish","type":"post","link":"https:\/\/archive.sana.sy\/es\/?p=260534","title":{"rendered":"Cuba presenta hoy en la ONU una resoluci\u00f3n de condena al bloqueo m\u00e1s largo de la historia"},"content":{"rendered":"<p style=\"text-align: justify;\"><span style=\"color: #800000;\"><strong>La Habana, 3 nov (SANA)<\/strong><\/span>\u00a0 \u00a0El ministro de Relaciones Exteriores de Cuba, Bruno Rodr\u00edguez, presenta hoy en la Asamblea General de Naciones Unidas (AGNU) el proyecto de resoluci\u00f3n sobre la necesidad de poner fin al bloqueo estadounidense contra la isla.<\/p>\n<p>La intervenci\u00f3n del Canciller se producir\u00e1 durante el 77 periodo ordinario de sesiones del organismo multilateral.<\/p>\n<p style=\"text-align: justify;\">La v\u00edspera, el delegado permanente de Siria ante la Organizaci\u00f3n de las Naciones Unidos Unidas (ONU), Bassam Sabbagh, reiter\u00f3 la invariable postura de su pa\u00eds de condena al bloqueo impuesto por Estados Unidos contra Cuba, informaron medios aqu\u00ed.<\/p>\n<p>Reiteramos nuestro apoyo inquebrantable al amigo pueblo cubano ante el injusto bloqueo impuesto desde el a\u00f1o 1962, dijo Sabbagh, y agreg\u00f3 que esa pol\u00edtica constituye una violaci\u00f3n sistem\u00e1tica de los derechos humanos del pueblo de la Mayor de la Antillas y de la Carta y resoluciones de las Naciones Unidas, adem\u00e1s de ser una medida coercitiva unilateral que obstaculiza el logro de la agenda-2030 sobre desarrollo sostenible.<\/p>\n<p style=\"text-align: justify;\">fm\/ed<\/p>\n","protected":false},"excerpt":{"rendered":"<p>La Habana, 3 nov (SANA)\u00a0 \u00a0El ministro de Relaciones Exteriores de Cuba, Bruno Rodr\u00edguez, presenta hoy en la Asamblea General de Naciones Unidas (AGNU) el proyecto de resoluci\u00f3n sobre la necesidad de poner fin al bloqueo estadounidense contra la isla. La intervenci\u00f3n del Canciller se producir\u00e1 durante el 77 periodo ordinario de sesiones del organismo &hellip;<\/p>\n","protected":false},"author":32,"featured_media":260535,"comment_status":"closed","ping_status":"closed","sticky":false,"template":"","format":"standard","meta":{"footnotes":""},"categories":[597,456,7541],"tags":[],"class_list":["post-260534","post","type-post","status-publish","format-standard","has-post-thumbnail","","category-cinta-de-noticias","category-arabe-internacional-politica","category-ultimas-noticias"],"_links":{"self":[{"href":"https:\/\/archive.sana.sy\/es\/index.php?rest_route=\/wp\/v2\/posts\/260534"}],"collection":[{"href":"https:\/\/archive.sana.sy\/es\/index.php?rest_route=\/wp\/v2\/posts"}],"about":[{"href":"https:\/\/archive.sana.sy\/es\/index.php?rest_route=\/wp\/v2\/types\/post"}],"author":[{"embeddable":true,"href":"https:\/\/archive.sana.sy\/es\/index.php?rest_route=\/wp\/v2\/users\/32"}],"replies":[{"embeddable":true,"href":"https:\/\/archive.sana.sy\/es\/index.php?rest_route=%2Fwp%2Fv2%2Fcomments&post=260534"}],"version-history":[{"count":0,"href":"https:\/\/archive.sana.sy\/es\/index.php?rest_route=\/wp\/v2\/posts\/260534\/revisions"}],"wp:featuredmedia":[{"embeddable":true,"href":"https:\/\/archive.sana.sy\/es\/index.php?rest_route=\/wp\/v2\/media\/260535"}],"wp:attachment":[{"href":"https:\/\/archive.sana.sy\/es\/index.php?rest_route=%2Fwp%2Fv2%2Fmedia&parent=260534"}],"wp:term":[{"taxonomy":"category","embeddable":true,"href":"https:\/\/archive.sana.sy\/es\/index.php?rest_route=%2Fwp%2Fv2%2Fcategories&post=260534"},{"taxonomy":"post_tag","embeddable":true,"href":"https:\/\/archive.sana.sy\/es\/index.php?rest_route=%2Fwp%2Fv2%2Ftags&post=260534"}],"curies":[{"name":"wp","href":"https:\/\/api.w.org\/{rel}","templated":true}]}}