{"id":260605,"date":"2022-11-03T18:38:24","date_gmt":"2022-11-03T16:38:24","guid":{"rendered":"http:\/\/107.6.182.27\/es\/?p=260605"},"modified":"2023-01-10T15:50:49","modified_gmt":"2023-01-10T13:50:49","slug":"finlandia-y-suecia-buscan-violar-el-tratado-de-no-proliferacion-de-armas-nucleares","status":"publish","type":"post","link":"https:\/\/archive.sana.sy\/es\/?p=260605","title":{"rendered":"Finlandia y Suecia buscan violar el tratado de no proliferaci\u00f3n de armas nucleares"},"content":{"rendered":"<p style=\"text-align: justify;\"><span style=\"color: #800000;\"><strong>Helsinki, 03 nov (SANA)\u00a0 \u00a0<\/strong><\/span>Los l\u00edderes de Finlandia y Suecia declararon que no debe haber ninguna precondici\u00f3n a su integraci\u00f3n a la OTAN, lo cual es una clara insinuaci\u00f3n al ultim\u00e1tum que impuso Turqu\u00eda a estos pa\u00edses si quieren recibir su aprobaci\u00f3n, seg\u00fan cit\u00f3 Sputnik a ambos Mandatarios diciendo en una rueda de prensa.<\/p>\n<p style=\"text-align: justify;\">Lo m\u00e1s interesante de estas declaraciones fue el hecho de que ambos mandatarios dejaron constancia de que est\u00e1n dispuestos a albergar armas nucleares de EEUU en sus territorios, incluso antes de ingresar en la OTAN.<\/p>\n<p style=\"text-align: justify;\">Es de se\u00f1alar que incluso siendo miembros de la OTAN, es una violaci\u00f3n descarada del Tratado de No Proliferaci\u00f3n de Armas Nucleares que claramente estipula que este tipo de armamento no se puede colocar en pa\u00edses que no son potencias nucleares.<\/p>\n<p style=\"text-align: justify;\">Otra cosa curiosa que dijeron es que en sus pa\u00edses no se discute activamente el despliegue de armas nucleares en sus territorios mientras est\u00e1n a la espera de ser ratificados como miembros de la OTAN, pendientes de la aprobaci\u00f3n de Hungr\u00eda y Turqu\u00eda.<\/p>\n<p style=\"text-align: justify;\">in embargo, tampoco parecen apresurarse por cumplir las condiciones que les impuso Turqu\u00eda para que reciban la aprobaci\u00f3n de Ankara.<\/p>\n<p style=\"text-align: justify;\">ah\/fm<\/p>\n","protected":false},"excerpt":{"rendered":"<p>Helsinki, 03 nov (SANA)\u00a0 \u00a0Los l\u00edderes de Finlandia y Suecia declararon que no debe haber ninguna precondici\u00f3n a su integraci\u00f3n a la OTAN, lo cual es una clara insinuaci\u00f3n al ultim\u00e1tum que impuso Turqu\u00eda a estos pa\u00edses si quieren recibir su aprobaci\u00f3n, seg\u00fan cit\u00f3 Sputnik a ambos Mandatarios diciendo en una rueda de prensa. Lo &hellip;<\/p>\n","protected":false},"author":39,"featured_media":260612,"comment_status":"closed","ping_status":"closed","sticky":false,"template":"","format":"standard","meta":{"footnotes":""},"categories":[597,456,20724,7541],"tags":[20752,21399,20055],"class_list":["post-260605","post","type-post","status-publish","format-standard","has-post-thumbnail","","category-cinta-de-noticias","category-arabe-internacional-politica","category-minuto-a-minuto","category-ultimas-noticias","tag-armas-nucleares","tag-finlandia","tag-suecia"],"_links":{"self":[{"href":"https:\/\/archive.sana.sy\/es\/index.php?rest_route=\/wp\/v2\/posts\/260605"}],"collection":[{"href":"https:\/\/archive.sana.sy\/es\/index.php?rest_route=\/wp\/v2\/posts"}],"about":[{"href":"https:\/\/archive.sana.sy\/es\/index.php?rest_route=\/wp\/v2\/types\/post"}],"author":[{"embeddable":true,"href":"https:\/\/archive.sana.sy\/es\/index.php?rest_route=\/wp\/v2\/users\/39"}],"replies":[{"embeddable":true,"href":"https:\/\/archive.sana.sy\/es\/index.php?rest_route=%2Fwp%2Fv2%2Fcomments&post=260605"}],"version-history":[{"count":0,"href":"https:\/\/archive.sana.sy\/es\/index.php?rest_route=\/wp\/v2\/posts\/260605\/revisions"}],"wp:featuredmedia":[{"embeddable":true,"href":"https:\/\/archive.sana.sy\/es\/index.php?rest_route=\/wp\/v2\/media\/260612"}],"wp:attachment":[{"href":"https:\/\/archive.sana.sy\/es\/index.php?rest_route=%2Fwp%2Fv2%2Fmedia&parent=260605"}],"wp:term":[{"taxonomy":"category","embeddable":true,"href":"https:\/\/archive.sana.sy\/es\/index.php?rest_route=%2Fwp%2Fv2%2Fcategories&post=260605"},{"taxonomy":"post_tag","embeddable":true,"href":"https:\/\/archive.sana.sy\/es\/index.php?rest_route=%2Fwp%2Fv2%2Ftags&post=260605"}],"curies":[{"name":"wp","href":"https:\/\/api.w.org\/{rel}","templated":true}]}}