{"id":260614,"date":"2022-11-03T19:41:36","date_gmt":"2022-11-03T17:41:36","guid":{"rendered":"http:\/\/107.6.182.27\/es\/?p=260614"},"modified":"2023-01-10T15:50:49","modified_gmt":"2023-01-10T13:50:49","slug":"abrumador-respaldo-a-cuba-en-onu-contra-el-bloqueo","status":"publish","type":"post","link":"https:\/\/archive.sana.sy\/es\/?p=260614","title":{"rendered":"Abrumador respaldo a Cuba en ONU contra el bloqueo"},"content":{"rendered":"<p style=\"text-align: justify;\"><span style=\"color: #800000;\"><strong>Nueva York, 03 nov (SANA)<\/strong> <\/span>La Organizaci\u00f3n de Naciones Unidas (ONU) rechaz\u00f3 con una abrumadora mayor\u00eda el bloqueo impuesto contra Cuba desde hace seis d\u00e9cadas y lo consider\u00f3 incompatible con un sistema internacional basado en el Estado de Derecho.<\/p>\n<p style=\"text-align: justify;\">El texto de resoluci\u00f3n cubana de condena al bloqueo tuvo la oposici\u00f3n de Estados Unidos y su incondicional aliado Israel, en tanto Brasil y Ucrania se abstuvieron, en una votaci\u00f3n que reflej\u00f3 una vez m\u00e1s la soledad de Estados Unidos y su sordera ante el reclamo de Cuba que, por trig\u00e9sima ocasi\u00f3n se escuch\u00f3 en esta sede.<\/p>\n<p style=\"text-align: justify;\">La resoluci\u00f3n se sumar\u00e1 a las 29 adoptadas cada a\u00f1o desde 1992, cuando comenz\u00f3 este tipo de votaciones, interrumpida solo en 2020 debido a la pandemia de la Covid-19.<\/p>\n<p style=\"text-align: justify;\">Citado por Prensa Latina, el canciller cubano Bruno Rodr\u00edguez, dijo en el debate que antecedi\u00f3 a la votaci\u00f3n, que m\u00e1s del 80 por ciento de la poblaci\u00f3n de su pa\u00eds naci\u00f3 bajo el bloqueo.<\/p>\n<p style=\"text-align: justify;\">Pidi\u00f3 que dejen a Cuba vivir en paz, sin bloqueo, y advirti\u00f3 que desde 2019, el Gobierno de Estados Unidos escal\u00f3 el cerco contra la isla a una dimensi\u00f3n m\u00e1s cruel e inhumana.<\/p>\n<p style=\"text-align: justify;\">Adem\u00e1s, dijo que el bloqueo ha impedido que la isla crezca 4,5 % en los \u00faltimos a\u00f1os, y que en los primeros 14 meses del Gobierno de Joe Biden los da\u00f1os a la isla fueron de 6.364 millones de d\u00f3lares, una p\u00e9rdida de m\u00e1s de 15 millones de d\u00f3lares diarios.<\/p>\n<p style=\"text-align: justify;\">Las consecuencias del bloqueo estadounidense a Cuba son m\u00faltiples y se pueden ver en todos los aspectos de la vida diaria de la poblaci\u00f3n. Uno de sus efectos m\u00e1s lesivos, destacado por Rodr\u00edguez, son los recientes apagones que afectan al pa\u00eds caribe\u00f1o.<\/p>\n<p style=\"text-align: justify;\">&#8220;El bloqueo ha exacerbado tambi\u00e9n las limitaciones financieras y de acceso a cr\u00e9dito para invertir, reparar y dar mantenimiento a las plantas termoel\u00e9ctricas del pa\u00eds&#8221;, denunci\u00f3.<\/p>\n<p style=\"text-align: justify;\">Tambi\u00e9n se refiri\u00f3 al impacto extraterritorial de esa pol\u00edtica de asfixia que \u201clesiona la soberan\u00eda de los pa\u00edses de Naciones Unidas, sanciona a sus empresarios e impide el acceso a sus puertos de los barcos de terceros que atracaron en Cuba\u201d.<\/p>\n<p style=\"text-align: justify;\">&#8220;No atribuimos al bloqueo todas las dificultades que enfrenta hoy a nuestro pa\u00eds, pero faltar\u00eda a la verdad quien niegue sus grav\u00edsimos efectos y no reconozca que es la causa principal de las privaciones, carencias y sufrimientos de las familias cubanas&#8221;, puntualiz\u00f3.<\/p>\n<p style=\"text-align: justify;\">fm\/sm<\/p>\n","protected":false},"excerpt":{"rendered":"<p>Nueva York, 03 nov (SANA) La Organizaci\u00f3n de Naciones Unidas (ONU) rechaz\u00f3 con una abrumadora mayor\u00eda el bloqueo impuesto contra Cuba desde hace seis d\u00e9cadas y lo consider\u00f3 incompatible con un sistema internacional basado en el Estado de Derecho. El texto de resoluci\u00f3n cubana de condena al bloqueo tuvo la oposici\u00f3n de Estados Unidos y &hellip;<\/p>\n","protected":false},"author":39,"featured_media":260615,"comment_status":"closed","ping_status":"closed","sticky":false,"template":"","format":"standard","meta":{"footnotes":""},"categories":[597,456,583],"tags":[19807,6868,8799],"class_list":["post-260614","post","type-post","status-publish","format-standard","has-post-thumbnail","","category-cinta-de-noticias","category-arabe-internacional-politica","category-slide","tag-bloqueo","tag-cuba","tag-onu"],"_links":{"self":[{"href":"https:\/\/archive.sana.sy\/es\/index.php?rest_route=\/wp\/v2\/posts\/260614"}],"collection":[{"href":"https:\/\/archive.sana.sy\/es\/index.php?rest_route=\/wp\/v2\/posts"}],"about":[{"href":"https:\/\/archive.sana.sy\/es\/index.php?rest_route=\/wp\/v2\/types\/post"}],"author":[{"embeddable":true,"href":"https:\/\/archive.sana.sy\/es\/index.php?rest_route=\/wp\/v2\/users\/39"}],"replies":[{"embeddable":true,"href":"https:\/\/archive.sana.sy\/es\/index.php?rest_route=%2Fwp%2Fv2%2Fcomments&post=260614"}],"version-history":[{"count":0,"href":"https:\/\/archive.sana.sy\/es\/index.php?rest_route=\/wp\/v2\/posts\/260614\/revisions"}],"wp:featuredmedia":[{"embeddable":true,"href":"https:\/\/archive.sana.sy\/es\/index.php?rest_route=\/wp\/v2\/media\/260615"}],"wp:attachment":[{"href":"https:\/\/archive.sana.sy\/es\/index.php?rest_route=%2Fwp%2Fv2%2Fmedia&parent=260614"}],"wp:term":[{"taxonomy":"category","embeddable":true,"href":"https:\/\/archive.sana.sy\/es\/index.php?rest_route=%2Fwp%2Fv2%2Fcategories&post=260614"},{"taxonomy":"post_tag","embeddable":true,"href":"https:\/\/archive.sana.sy\/es\/index.php?rest_route=%2Fwp%2Fv2%2Ftags&post=260614"}],"curies":[{"name":"wp","href":"https:\/\/api.w.org\/{rel}","templated":true}]}}