{"id":260781,"date":"2022-11-05T20:00:42","date_gmt":"2022-11-05T18:00:42","guid":{"rendered":"http:\/\/107.6.182.27\/es\/?p=260781"},"modified":"2022-11-05T20:55:23","modified_gmt":"2022-11-05T18:55:23","slug":"terroristas-preparan-ataque-masivo-con-drones-contra-la-base-de-hemeimem","status":"publish","type":"post","link":"https:\/\/archive.sana.sy\/es\/?p=260781","title":{"rendered":"Terroristas preparan ataque masivo con drones contra la base de Hemeimem"},"content":{"rendered":"<p style=\"text-align: justify;\"><span style=\"color: #800000;\"><strong>Mosc\u00fa, 05 nov (SANA)\u00a0 \u00a0<\/strong><\/span> Los terroristas de las agrupaciones &#8220;Frente Al-Nousra&#8221; y &#8220;Partido Isl\u00e1mico de Turquest\u00e1n&#8221; llevan a cabo preparativos para atacar con drones la base Hemeimem en la provincia costera siria de Latakia, inform\u00f3 hoy el Ministerio de Defensa ruso.<\/p>\n<p style=\"text-align: justify;\">El mayor general Oleg Yegorov, subjefe del Centro de Coordinaci\u00f3n Ruso en Hemeimem, revel\u00f3 que equipos de especialistas de las organizaciones terroristas en la localidad de Kherbet al-Jouz en la provincia septentrional de Idlib terminaron de ensamblar un gran n\u00famero de drones que operan en un c\u00edrculo de hasta 70 kil\u00f3metros de di\u00e1metro\u201d.<\/p>\n<p style=\"text-align: justify;\">El oficial ruso indic\u00f3 que, seg\u00fan los planes de los terroristas, el uso de un gran n\u00famero de drones podr\u00eda obstaculizar los medios rusos de defensa a\u00e9rea y alcanzar la base a\u00e9rea.<\/p>\n<p style=\"text-align: justify;\">fm\/sm<\/p>\n","protected":false},"excerpt":{"rendered":"<p>Mosc\u00fa, 05 nov (SANA)\u00a0 \u00a0 Los terroristas de las agrupaciones &#8220;Frente Al-Nousra&#8221; y &#8220;Partido Isl\u00e1mico de Turquest\u00e1n&#8221; llevan a cabo preparativos para atacar con drones la base Hemeimem en la provincia costera siria de Latakia, inform\u00f3 hoy el Ministerio de Defensa ruso. El mayor general Oleg Yegorov, subjefe del Centro de Coordinaci\u00f3n Ruso en Hemeimem, &hellip;<\/p>\n","protected":false},"author":39,"featured_media":260782,"comment_status":"closed","ping_status":"closed","sticky":false,"template":"","format":"standard","meta":{"footnotes":""},"categories":[597,20724,467,7541],"tags":[21422,19949,21423,8905],"class_list":["post-260781","post","type-post","status-publish","format-standard","has-post-thumbnail","","category-cinta-de-noticias","category-minuto-a-minuto","category-siria-y-el-mundo","category-ultimas-noticias","tag-ataque-masivo","tag-hemeimem","tag-preparan","tag-terroristas"],"_links":{"self":[{"href":"https:\/\/archive.sana.sy\/es\/index.php?rest_route=\/wp\/v2\/posts\/260781"}],"collection":[{"href":"https:\/\/archive.sana.sy\/es\/index.php?rest_route=\/wp\/v2\/posts"}],"about":[{"href":"https:\/\/archive.sana.sy\/es\/index.php?rest_route=\/wp\/v2\/types\/post"}],"author":[{"embeddable":true,"href":"https:\/\/archive.sana.sy\/es\/index.php?rest_route=\/wp\/v2\/users\/39"}],"replies":[{"embeddable":true,"href":"https:\/\/archive.sana.sy\/es\/index.php?rest_route=%2Fwp%2Fv2%2Fcomments&post=260781"}],"version-history":[{"count":0,"href":"https:\/\/archive.sana.sy\/es\/index.php?rest_route=\/wp\/v2\/posts\/260781\/revisions"}],"wp:featuredmedia":[{"embeddable":true,"href":"https:\/\/archive.sana.sy\/es\/index.php?rest_route=\/wp\/v2\/media\/260782"}],"wp:attachment":[{"href":"https:\/\/archive.sana.sy\/es\/index.php?rest_route=%2Fwp%2Fv2%2Fmedia&parent=260781"}],"wp:term":[{"taxonomy":"category","embeddable":true,"href":"https:\/\/archive.sana.sy\/es\/index.php?rest_route=%2Fwp%2Fv2%2Fcategories&post=260781"},{"taxonomy":"post_tag","embeddable":true,"href":"https:\/\/archive.sana.sy\/es\/index.php?rest_route=%2Fwp%2Fv2%2Ftags&post=260781"}],"curies":[{"name":"wp","href":"https:\/\/api.w.org\/{rel}","templated":true}]}}