{"id":260787,"date":"2022-11-05T07:47:47","date_gmt":"2022-11-05T05:47:47","guid":{"rendered":"http:\/\/107.6.182.27\/es\/?p=260787"},"modified":"2023-01-10T15:50:47","modified_gmt":"2023-01-10T13:50:47","slug":"ni-un-centavo-mas-ira-a-ucrania-afirman-congresistas-republicanos","status":"publish","type":"post","link":"https:\/\/archive.sana.sy\/es\/?p=260787","title":{"rendered":"&#8220;Ni un centavo m\u00e1s ir\u00e1 a Ucrania&#8221;, afirman congresistas republicanos"},"content":{"rendered":"<p style=\"text-align: justify;\"><span style=\"color: #800000;\"><strong>Washington, 05 nov (SANA)\u00a0<\/strong><\/span> \u00a0Una congresista de EE.UU. asegur\u00f3 que &#8220;ni un centavo m\u00e1s ir\u00e1 a Ucrania&#8221; si los republicanos se hacen con el control del Capitolio.<\/p>\n<p style=\"text-align: justify;\">Citada por RT, Marjorie Taylor Greene, asegur\u00f3 que si su partido retoma el control de la C\u00e1mara y del Senado en las elecciones de medio mandato, previstas para celebrarse en EE.UU. la pr\u00f3xima semana, se pondr\u00e1 fin a la ayuda a Ucrania.<\/p>\n<p style=\"text-align: justify;\">&#8220;La \u00fanica frontera que les importa es Ucrania, no la frontera sur de Estados Unidos&#8221;, declar\u00f3 Greene, en alusi\u00f3n a los miembros del Partido Dem\u00f3crata.<\/p>\n<p style=\"text-align: justify;\">La congresista se\u00f1al\u00f3 en un mitin que &#8220;nuestro pa\u00eds es lo primero. A ellos no les importa nuestra frontera ni nuestra gente&#8221;.<\/p>\n<p>fm\/sm<\/p>\n<p style=\"text-align: justify;\">\n","protected":false},"excerpt":{"rendered":"<p>Washington, 05 nov (SANA)\u00a0 \u00a0Una congresista de EE.UU. asegur\u00f3 que &#8220;ni un centavo m\u00e1s ir\u00e1 a Ucrania&#8221; si los republicanos se hacen con el control del Capitolio. Citada por RT, Marjorie Taylor Greene, asegur\u00f3 que si su partido retoma el control de la C\u00e1mara y del Senado en las elecciones de medio mandato, previstas para &hellip;<\/p>\n","protected":false},"author":39,"featured_media":260790,"comment_status":"closed","ping_status":"closed","sticky":false,"template":"","format":"standard","meta":{"footnotes":""},"categories":[597,456,20724,7541],"tags":[21421,20357],"class_list":["post-260787","post","type-post","status-publish","format-standard","has-post-thumbnail","","category-cinta-de-noticias","category-arabe-internacional-politica","category-minuto-a-minuto","category-ultimas-noticias","tag-congresistas-republicanos","tag-ucrania"],"_links":{"self":[{"href":"https:\/\/archive.sana.sy\/es\/index.php?rest_route=\/wp\/v2\/posts\/260787"}],"collection":[{"href":"https:\/\/archive.sana.sy\/es\/index.php?rest_route=\/wp\/v2\/posts"}],"about":[{"href":"https:\/\/archive.sana.sy\/es\/index.php?rest_route=\/wp\/v2\/types\/post"}],"author":[{"embeddable":true,"href":"https:\/\/archive.sana.sy\/es\/index.php?rest_route=\/wp\/v2\/users\/39"}],"replies":[{"embeddable":true,"href":"https:\/\/archive.sana.sy\/es\/index.php?rest_route=%2Fwp%2Fv2%2Fcomments&post=260787"}],"version-history":[{"count":0,"href":"https:\/\/archive.sana.sy\/es\/index.php?rest_route=\/wp\/v2\/posts\/260787\/revisions"}],"wp:featuredmedia":[{"embeddable":true,"href":"https:\/\/archive.sana.sy\/es\/index.php?rest_route=\/wp\/v2\/media\/260790"}],"wp:attachment":[{"href":"https:\/\/archive.sana.sy\/es\/index.php?rest_route=%2Fwp%2Fv2%2Fmedia&parent=260787"}],"wp:term":[{"taxonomy":"category","embeddable":true,"href":"https:\/\/archive.sana.sy\/es\/index.php?rest_route=%2Fwp%2Fv2%2Fcategories&post=260787"},{"taxonomy":"post_tag","embeddable":true,"href":"https:\/\/archive.sana.sy\/es\/index.php?rest_route=%2Fwp%2Fv2%2Ftags&post=260787"}],"curies":[{"name":"wp","href":"https:\/\/api.w.org\/{rel}","templated":true}]}}